{"id":1565,"date":"2023-05-10T14:15:13","date_gmt":"2023-05-10T14:15:13","guid":{"rendered":"https:\/\/youndigital.com\/?p=1565"},"modified":"2023-05-12T13:36:08","modified_gmt":"2023-05-12T13:36:08","slug":"seminarioyoundigital","status":"publish","type":"post","link":"https:\/\/youndigital.com\/index.php\/2023\/05\/10\/seminarioyoundigital\/","title":{"rendered":"YouNDigital debate Jovens e Not\u00edcias em semin\u00e1rio internacional"},"content":{"rendered":"\t\t<div data-elementor-type=\"wp-post\" data-elementor-id=\"1565\" class=\"elementor elementor-1565\" data-elementor-settings=\"{&quot;ha_cmc_init_switcher&quot;:&quot;no&quot;}\">\n\t\t\t\t\t\t<section class=\"elementor-section elementor-top-section elementor-element elementor-element-af16c6e elementor-section-boxed elementor-section-height-default elementor-section-height-default\" data-id=\"af16c6e\" data-element_type=\"section\" data-settings=\"{&quot;_ha_eqh_enable&quot;:false}\">\n\t\t\t\t\t\t<div class=\"elementor-container elementor-column-gap-default\">\n\t\t\t\t\t<div class=\"elementor-column elementor-col-33 elementor-top-column elementor-element elementor-element-6a897a2\" data-id=\"6a897a2\" data-element_type=\"column\">\n\t\t\t<div class=\"elementor-widget-wrap\">\n\t\t\t\t\t\t\t<\/div>\n\t\t<\/div>\n\t\t\t\t<div class=\"elementor-column elementor-col-33 elementor-top-column elementor-element elementor-element-b69c751\" data-id=\"b69c751\" data-element_type=\"column\">\n\t\t\t<div class=\"elementor-widget-wrap elementor-element-populated\">\n\t\t\t\t\t\t<div class=\"elementor-element elementor-element-7ab338ad elementor-widget__width-initial elementor-widget elementor-widget-text-editor\" data-id=\"7ab338ad\" data-element_type=\"widget\" data-widget_type=\"text-editor.default\">\n\t\t\t\t<div class=\"elementor-widget-container\">\n\t\t\t\t\t\t\t\t\t\n<p>A rela\u00e7\u00e3o entre os jovens e as not\u00edcias foi o foco do semin\u00e1rio \u201cLet\u2019s talk about Youth and News\u201d promovido pelo projeto YouNDigital &#8211; Jovens, Not\u00edcias e Cidadania Digital (PTDC\/COM-OUT\/0243\/2021) e que trouxe cinco especialistas internacionais \u00e0 Universidade Lus\u00f3fona (Porto) e ao CICANT. <br \/><br \/><a href=\"https:\/\/research.vu.nl\/en\/persons\/irene-costera-meijer\" target=\"_blank\" rel=\"noreferrer noopener\">Irene Costera Meijer <\/a>(Vrije Universiteit Amsterdam) (Vrije Universiteit Amsterdam) partilhou resultados preliminares sobre o consumo de not\u00edcias dos jovens no TikTok. <a href=\"https:\/\/www.lynnschofieldclark.com\/curriculum-vita\/\" target=\"_blank\" rel=\"noreferrer noopener\">Lynn Schofield-Clark<\/a> (University of Denver) refletiu a mudan\u00e7a de paradigma e implica\u00e7\u00e3o dos algoritmos na paisagem noticiosa. <a href=\"https:\/\/www.rug.nl\/staff\/m.j.broersma\/\" target=\"_blank\" rel=\"noreferrer noopener\">Marcel Broersma<\/a> (Centre for Media and Journalism Studies, University of Groningen) <span style=\"font-weight: 400;\">trouxe a debate a problematiza\u00e7\u00e3o da confian\u00e7a nas not\u00edcias pelo olhar dos mais jovens. <\/span><a href=\"https:\/\/www.dropbox.com\/s\/cs1ko6ockkwcdio\/nicnewmancv2021.docx?dl=0\" target=\"_blank\" rel=\"noreferrer noopener\">Nic Newman<\/a> (Reuters Institute for the Study of Journalism, University of Oxford) partilhou dados do \u00faltimo relat\u00f3rio da Reuters relativamente a novos padr\u00f5es de consumo e resist\u00eancia \u00e0s not\u00edcias. E <a href=\"https:\/\/www.cienciavitae.pt\/portal\/4511-DB75-B57B\" target=\"_blank\" rel=\"noreferrer noopener\">V\u00edtor Tom\u00e9<\/a> (Universidade Aut\u00f3noma de Lisboa, CIES-ISCTE-Instituto Universit\u00e1rio de Lisboa) focou a sua interven\u00e7\u00e3o no papel dos jornalistas na promo\u00e7\u00e3o de compet\u00eancias cr\u00edticas.<\/p>\n\n<figure class=\"wp-block-image size-large\"><img fetchpriority=\"high\" decoding=\"async\" class=\"aligncenter wp-image-1568 size-full\" src=\"https:\/\/youndigital.com\/wp-content\/uploads\/2023\/05\/WhatsApp-Image-2023-05-04-at-13.38.54-2.jpeg\" alt=\"\" width=\"1024\" height=\"768\" \/><\/figure>\n\n<p><br \/>O evento &#8211; em parceria com <a href=\"https:\/\/melcilab.cicant.ulusofona.pt\" target=\"_blank\" rel=\"noopener\">MeLCi Lab<\/a> &#8211; decorreu na Sala Nobre da Universidade Lus\u00f3fona, Centro Universit\u00e1rio do Porto e <a href=\"https:\/\/www.youtube.com\/watch?v=a9-kgl-4r0s&amp;list=PLU65SY14A7f5lmWm2ftFLGlO-MiOFkoYp\" target=\"_blank\" rel=\"noopener\">online<\/a>, contando com a modera\u00e7\u00e3o do debate de Maria Jos\u00e9 Brites (Universidade Lus\u00f3fona, CICANT), investigadora respons\u00e1vel do projeto.<br \/><br \/>O semin\u00e1rio pode ser (re)visto em:<br \/><br \/><\/p>\n<p><iframe title=\"YouTube video player\" src=\"https:\/\/www.youtube.com\/embed\/a9-kgl-4r0s\" width=\"560\" height=\"315\" frameborder=\"0\" allowfullscreen=\"allowfullscreen\"><\/iframe><\/p>\n<p><br \/><br \/>A iniciativa integrou tamb\u00e9m a <a href=\"https:\/\/alldigitalweeks.eu\/event\/seminar-or-talk-pannel-youndigital-lets-talk-about-youth-and-news\/\" target=\"_blank\" rel=\"noopener\">All Digital Weeks<\/a> &#8211; uma campanha europeia de sensibiliza\u00e7\u00e3o para as compet\u00eancias digitais &#8211; destacando-se por ser a \u00fanica no Porto.<\/p>\n<p>Este evento surge na sequ\u00eancia da primeira reuni\u00e3o presencial do projeto que decorreu nos dias 3 e 4 de maio e juntou a equipa de investigadores e consultores. As sess\u00f5es internas foram conduzidas pela apresenta\u00e7\u00e3o, discuss\u00e3o e reflex\u00e3o conjunta sobre primeiros dados e passos futuros do projeto.<\/p>\n\t\t\t\t\t\t\t\t<\/div>\n\t\t\t\t<\/div>\n\t\t\t\t<div class=\"elementor-element elementor-element-a7c80b3 elementor-widget elementor-widget-spacer\" data-id=\"a7c80b3\" data-element_type=\"widget\" data-widget_type=\"spacer.default\">\n\t\t\t\t<div class=\"elementor-widget-container\">\n\t\t\t\t\t\t\t<div class=\"elementor-spacer\">\n\t\t\t<div class=\"elementor-spacer-inner\"><\/div>\n\t\t<\/div>\n\t\t\t\t\t\t<\/div>\n\t\t\t\t<\/div>\n\t\t\t\t\t<\/div>\n\t\t<\/div>\n\t\t\t\t<div class=\"elementor-column elementor-col-33 elementor-top-column elementor-element elementor-element-d914610\" data-id=\"d914610\" data-element_type=\"column\">\n\t\t\t<div class=\"elementor-widget-wrap elementor-element-populated\">\n\t\t\t\t\t\t<div class=\"elementor-element elementor-element-2413ec8 elementor-widget elementor-widget-ha-social-share happy-addon ha-social-share\" data-id=\"2413ec8\" data-element_type=\"widget\" data-widget_type=\"ha-social-share.default\">\n\t\t\t\t<div class=\"elementor-widget-container\">\n\t\t\t\t\t\t\t<ul class=\"ha-share-buttons\">\n\t\t\t\t\t\t\t<li class=\"ha-share-button elementor-repeater-item-a91f719\">\n\t\t\t\t\t<a class=\"sharer ha-share-network elementor-social-icon-facebook\" data-sharer=\"facebook\" data-url=\"https:\/\/youndigital.com\/index.php\/2023\/05\/10\/seminarioyoundigital\/\" data-hashtags=\"\" data-title=\"\" data-image=\"\" data-to=\"\" data-subject=\"\">\n\t\t\t\t\t\t\t\t\t\t\t\t\t<i class=\"fab fa-facebook\" aria-hidden=\"true\"><\/i>\n\t\t\t\t\t\t\t\t\t\t\t\t<\/a>\n\t\t\t\t<\/li>\n\t\t\t\t\t\t\t\t<li class=\"ha-share-button elementor-repeater-item-7f69c6d\">\n\t\t\t\t\t<a class=\"sharer ha-share-network elementor-social-icon-twitter\" data-sharer=\"twitter\" data-url=\"https:\/\/youndigital.com\/index.php\/2023\/05\/10\/seminarioyoundigital\/\" data-hashtags=\"\" data-title=\"\" data-image=\"\" data-to=\"\" data-subject=\"\">\n\t\t\t\t\t\t\t\t\t\t\t\t\t<i class=\"fab fa-twitter\" aria-hidden=\"true\"><\/i>\n\t\t\t\t\t\t\t\t\t\t\t\t<\/a>\n\t\t\t\t<\/li>\n\t\t\t\t\t\t\t\t<li class=\"ha-share-button elementor-repeater-item-16b286d\">\n\t\t\t\t\t<a class=\"sharer ha-share-network elementor-social-icon-linkedin\" data-sharer=\"linkedin\" data-url=\"https:\/\/youndigital.com\/index.php\/2023\/05\/10\/seminarioyoundigital\/\" data-hashtags=\"\" data-title=\"\" data-image=\"\" data-to=\"\" data-subject=\"\">\n\t\t\t\t\t\t\t\t\t\t\t\t\t<i class=\"fab fa-linkedin\" aria-hidden=\"true\"><\/i>\n\t\t\t\t\t\t\t\t\t\t\t\t<\/a>\n\t\t\t\t<\/li>\n\t\t\t\t\t\t\t\t<li class=\"ha-share-button elementor-repeater-item-048dc2c\">\n\t\t\t\t\t<a class=\"sharer ha-share-network elementor-social-icon-email\" data-sharer=\"email\" data-url=\"https:\/\/youndigital.com\/index.php\/2023\/05\/10\/seminarioyoundigital\/\" data-hashtags=\"\" data-title=\"\" data-image=\"\" data-to=\"\" data-subject=\"\">\n\t\t\t\t\t\t\t\t\t\t\t\t\t<i class=\"fa fa-envelope\" aria-hidden=\"true\"><\/i>\n\t\t\t\t\t\t\t\t\t\t\t\t<\/a>\n\t\t\t\t<\/li>\n\t\t\t\t\n\t\t<\/ul>\n\t\t\t\t\t\t<\/div>\n\t\t\t\t<\/div>\n\t\t\t\t\t<\/div>\n\t\t<\/div>\n\t\t\t\t\t<\/div>\n\t\t<\/section>\n\t\t\t\t<\/div>\n\t\t","protected":false},"excerpt":{"rendered":"<p>A rela\u00e7\u00e3o entre os jovens e as not\u00edcias foi o foco do semin\u00e1rio \u201cLet\u2019s talk about Youth and News\u201d promovido pelo projeto YouNDigital &#8211; Jovens, Not\u00edcias e Cidadania Digital (PTDC\/COM-OUT\/0243\/2021) &#8230;<\/p>\n","protected":false},"author":1,"featured_media":1568,"comment_status":"closed","ping_status":"closed","sticky":false,"template":"","format":"standard","meta":{"_monsterinsights_skip_tracking":false,"_monsterinsights_sitenote_active":false,"_monsterinsights_sitenote_note":"","_monsterinsights_sitenote_category":0,"_jetpack_memberships_contains_paid_content":false,"footnotes":""},"categories":[41],"tags":[],"class_list":["post-1565","post","type-post","status-publish","format-standard","has-post-thumbnail","hentry","category-news"],"yoast_head":"<!-- This site is optimized with the Yoast SEO plugin v24.3 - https:\/\/yoast.com\/wordpress\/plugins\/seo\/ -->\n<title>YouNDigital debate Jovens e Not\u00edcias em semin\u00e1rio internacional - YouNDigital<\/title>\n<meta name=\"robots\" content=\"index, follow, max-snippet:-1, max-image-preview:large, max-video-preview:-1\" \/>\n<link rel=\"canonical\" href=\"https:\/\/youndigital.com\/index.php\/2023\/05\/10\/seminarioyoundigital\/\" \/>\n<meta property=\"og:locale\" content=\"en_US\" \/>\n<meta property=\"og:type\" content=\"article\" \/>\n<meta property=\"og:title\" content=\"YouNDigital debate Jovens e Not\u00edcias em semin\u00e1rio internacional - YouNDigital\" \/>\n<meta property=\"og:description\" content=\"A rela\u00e7\u00e3o entre os jovens e as not\u00edcias foi o foco do semin\u00e1rio \u201cLet\u2019s talk about Youth and News\u201d promovido pelo projeto YouNDigital &#8211; Jovens, Not\u00edcias e Cidadania Digital (PTDC\/COM-OUT\/0243\/2021) ...\" \/>\n<meta property=\"og:url\" content=\"https:\/\/youndigital.com\/index.php\/2023\/05\/10\/seminarioyoundigital\/\" \/>\n<meta property=\"og:site_name\" content=\"YouNDigital\" \/>\n<meta property=\"article:published_time\" content=\"2023-05-10T14:15:13+00:00\" \/>\n<meta property=\"article:modified_time\" content=\"2023-05-12T13:36:08+00:00\" \/>\n<meta property=\"og:image\" content=\"https:\/\/youndigital.com\/wp-content\/uploads\/2023\/05\/WhatsApp-Image-2023-05-04-at-13.38.54-2.jpeg\" \/>\n\t<meta property=\"og:image:width\" content=\"1024\" \/>\n\t<meta property=\"og:image:height\" content=\"768\" \/>\n\t<meta property=\"og:image:type\" content=\"image\/jpeg\" \/>\n<meta name=\"author\" content=\"admin\" \/>\n<meta name=\"twitter:card\" content=\"summary_large_image\" \/>\n<meta name=\"twitter:label1\" content=\"Written by\" \/>\n\t<meta name=\"twitter:data1\" content=\"admin\" \/>\n\t<meta name=\"twitter:label2\" content=\"Est. reading time\" \/>\n\t<meta name=\"twitter:data2\" content=\"2 minutes\" \/>\n<script type=\"application\/ld+json\" class=\"yoast-schema-graph\">{\"@context\":\"https:\/\/schema.org\",\"@graph\":[{\"@type\":\"Article\",\"@id\":\"https:\/\/youndigital.com\/index.php\/2023\/05\/10\/seminarioyoundigital\/#article\",\"isPartOf\":{\"@id\":\"https:\/\/youndigital.com\/index.php\/2023\/05\/10\/seminarioyoundigital\/\"},\"author\":{\"name\":\"admin\",\"@id\":\"https:\/\/youndigital.com\/#\/schema\/person\/aa3857cc512aad0a515b6e23d61a2596\"},\"headline\":\"YouNDigital debate Jovens e Not\u00edcias em semin\u00e1rio internacional\",\"datePublished\":\"2023-05-10T14:15:13+00:00\",\"dateModified\":\"2023-05-12T13:36:08+00:00\",\"mainEntityOfPage\":{\"@id\":\"https:\/\/youndigital.com\/index.php\/2023\/05\/10\/seminarioyoundigital\/\"},\"wordCount\":324,\"publisher\":{\"@id\":\"https:\/\/youndigital.com\/#organization\"},\"image\":{\"@id\":\"https:\/\/youndigital.com\/index.php\/2023\/05\/10\/seminarioyoundigital\/#primaryimage\"},\"thumbnailUrl\":\"https:\/\/youndigital.com\/wp-content\/uploads\/2023\/05\/WhatsApp-Image-2023-05-04-at-13.38.54-2.jpeg\",\"articleSection\":[\"News\"],\"inLanguage\":\"en\"},{\"@type\":\"WebPage\",\"@id\":\"https:\/\/youndigital.com\/index.php\/2023\/05\/10\/seminarioyoundigital\/\",\"url\":\"https:\/\/youndigital.com\/index.php\/2023\/05\/10\/seminarioyoundigital\/\",\"name\":\"YouNDigital debate Jovens e Not\u00edcias em semin\u00e1rio internacional - YouNDigital\",\"isPartOf\":{\"@id\":\"https:\/\/youndigital.com\/#website\"},\"primaryImageOfPage\":{\"@id\":\"https:\/\/youndigital.com\/index.php\/2023\/05\/10\/seminarioyoundigital\/#primaryimage\"},\"image\":{\"@id\":\"https:\/\/youndigital.com\/index.php\/2023\/05\/10\/seminarioyoundigital\/#primaryimage\"},\"thumbnailUrl\":\"https:\/\/youndigital.com\/wp-content\/uploads\/2023\/05\/WhatsApp-Image-2023-05-04-at-13.38.54-2.jpeg\",\"datePublished\":\"2023-05-10T14:15:13+00:00\",\"dateModified\":\"2023-05-12T13:36:08+00:00\",\"breadcrumb\":{\"@id\":\"https:\/\/youndigital.com\/index.php\/2023\/05\/10\/seminarioyoundigital\/#breadcrumb\"},\"inLanguage\":\"en\",\"potentialAction\":[{\"@type\":\"ReadAction\",\"target\":[\"https:\/\/youndigital.com\/index.php\/2023\/05\/10\/seminarioyoundigital\/\"]}]},{\"@type\":\"ImageObject\",\"inLanguage\":\"en\",\"@id\":\"https:\/\/youndigital.com\/index.php\/2023\/05\/10\/seminarioyoundigital\/#primaryimage\",\"url\":\"https:\/\/youndigital.com\/wp-content\/uploads\/2023\/05\/WhatsApp-Image-2023-05-04-at-13.38.54-2.jpeg\",\"contentUrl\":\"https:\/\/youndigital.com\/wp-content\/uploads\/2023\/05\/WhatsApp-Image-2023-05-04-at-13.38.54-2.jpeg\",\"width\":1024,\"height\":768},{\"@type\":\"BreadcrumbList\",\"@id\":\"https:\/\/youndigital.com\/index.php\/2023\/05\/10\/seminarioyoundigital\/#breadcrumb\",\"itemListElement\":[{\"@type\":\"ListItem\",\"position\":1,\"name\":\"Home\",\"item\":\"https:\/\/youndigital.com\/\"},{\"@type\":\"ListItem\",\"position\":2,\"name\":\"YouNDigital debate Jovens e Not\u00edcias em semin\u00e1rio internacional\"}]},{\"@type\":\"WebSite\",\"@id\":\"https:\/\/youndigital.com\/#website\",\"url\":\"https:\/\/youndigital.com\/\",\"name\":\"YouNDigital\",\"description\":\"Youth, News and Digital Citizenship\",\"publisher\":{\"@id\":\"https:\/\/youndigital.com\/#organization\"},\"potentialAction\":[{\"@type\":\"SearchAction\",\"target\":{\"@type\":\"EntryPoint\",\"urlTemplate\":\"https:\/\/youndigital.com\/?s={search_term_string}\"},\"query-input\":{\"@type\":\"PropertyValueSpecification\",\"valueRequired\":true,\"valueName\":\"search_term_string\"}}],\"inLanguage\":\"en\"},{\"@type\":\"Organization\",\"@id\":\"https:\/\/youndigital.com\/#organization\",\"name\":\"YouNDigital\",\"url\":\"https:\/\/youndigital.com\/\",\"logo\":{\"@type\":\"ImageObject\",\"inLanguage\":\"en\",\"@id\":\"https:\/\/youndigital.com\/#\/schema\/logo\/image\/\",\"url\":\"https:\/\/youndigital.com\/wp-content\/uploads\/2022\/10\/cropped-BrancoVerde_72dpi.png\",\"contentUrl\":\"https:\/\/youndigital.com\/wp-content\/uploads\/2022\/10\/cropped-BrancoVerde_72dpi.png\",\"width\":500,\"height\":84,\"caption\":\"YouNDigital\"},\"image\":{\"@id\":\"https:\/\/youndigital.com\/#\/schema\/logo\/image\/\"}},{\"@type\":\"Person\",\"@id\":\"https:\/\/youndigital.com\/#\/schema\/person\/aa3857cc512aad0a515b6e23d61a2596\",\"name\":\"admin\",\"image\":{\"@type\":\"ImageObject\",\"inLanguage\":\"en\",\"@id\":\"https:\/\/youndigital.com\/#\/schema\/person\/image\/\",\"url\":\"https:\/\/secure.gravatar.com\/avatar\/5b885437c0994cd1858f5a03388fbff848ee035aa72e5d97865dccfe444807df?s=96&d=mm&r=g\",\"contentUrl\":\"https:\/\/secure.gravatar.com\/avatar\/5b885437c0994cd1858f5a03388fbff848ee035aa72e5d97865dccfe444807df?s=96&d=mm&r=g\",\"caption\":\"admin\"},\"sameAs\":[\"https:\/\/youndigital.com\"],\"url\":\"https:\/\/youndigital.com\/index.php\/author\/youndigital\/\"}]}<\/script>\n<!-- \/ Yoast SEO plugin. -->","yoast_head_json":{"title":"YouNDigital debate Jovens e Not\u00edcias em semin\u00e1rio internacional - YouNDigital","robots":{"index":"index","follow":"follow","max-snippet":"max-snippet:-1","max-image-preview":"max-image-preview:large","max-video-preview":"max-video-preview:-1"},"canonical":"https:\/\/youndigital.com\/index.php\/2023\/05\/10\/seminarioyoundigital\/","og_locale":"en_US","og_type":"article","og_title":"YouNDigital debate Jovens e Not\u00edcias em semin\u00e1rio internacional - YouNDigital","og_description":"A rela\u00e7\u00e3o entre os jovens e as not\u00edcias foi o foco do semin\u00e1rio \u201cLet\u2019s talk about Youth and News\u201d promovido pelo projeto YouNDigital &#8211; Jovens, Not\u00edcias e Cidadania Digital (PTDC\/COM-OUT\/0243\/2021) ...","og_url":"https:\/\/youndigital.com\/index.php\/2023\/05\/10\/seminarioyoundigital\/","og_site_name":"YouNDigital","article_published_time":"2023-05-10T14:15:13+00:00","article_modified_time":"2023-05-12T13:36:08+00:00","og_image":[{"width":1024,"height":768,"url":"https:\/\/youndigital.com\/wp-content\/uploads\/2023\/05\/WhatsApp-Image-2023-05-04-at-13.38.54-2.jpeg","type":"image\/jpeg"}],"author":"admin","twitter_card":"summary_large_image","twitter_misc":{"Written by":"admin","Est. reading time":"2 minutes"},"schema":{"@context":"https:\/\/schema.org","@graph":[{"@type":"Article","@id":"https:\/\/youndigital.com\/index.php\/2023\/05\/10\/seminarioyoundigital\/#article","isPartOf":{"@id":"https:\/\/youndigital.com\/index.php\/2023\/05\/10\/seminarioyoundigital\/"},"author":{"name":"admin","@id":"https:\/\/youndigital.com\/#\/schema\/person\/aa3857cc512aad0a515b6e23d61a2596"},"headline":"YouNDigital debate Jovens e Not\u00edcias em semin\u00e1rio internacional","datePublished":"2023-05-10T14:15:13+00:00","dateModified":"2023-05-12T13:36:08+00:00","mainEntityOfPage":{"@id":"https:\/\/youndigital.com\/index.php\/2023\/05\/10\/seminarioyoundigital\/"},"wordCount":324,"publisher":{"@id":"https:\/\/youndigital.com\/#organization"},"image":{"@id":"https:\/\/youndigital.com\/index.php\/2023\/05\/10\/seminarioyoundigital\/#primaryimage"},"thumbnailUrl":"https:\/\/youndigital.com\/wp-content\/uploads\/2023\/05\/WhatsApp-Image-2023-05-04-at-13.38.54-2.jpeg","articleSection":["News"],"inLanguage":"en"},{"@type":"WebPage","@id":"https:\/\/youndigital.com\/index.php\/2023\/05\/10\/seminarioyoundigital\/","url":"https:\/\/youndigital.com\/index.php\/2023\/05\/10\/seminarioyoundigital\/","name":"YouNDigital debate Jovens e Not\u00edcias em semin\u00e1rio internacional - YouNDigital","isPartOf":{"@id":"https:\/\/youndigital.com\/#website"},"primaryImageOfPage":{"@id":"https:\/\/youndigital.com\/index.php\/2023\/05\/10\/seminarioyoundigital\/#primaryimage"},"image":{"@id":"https:\/\/youndigital.com\/index.php\/2023\/05\/10\/seminarioyoundigital\/#primaryimage"},"thumbnailUrl":"https:\/\/youndigital.com\/wp-content\/uploads\/2023\/05\/WhatsApp-Image-2023-05-04-at-13.38.54-2.jpeg","datePublished":"2023-05-10T14:15:13+00:00","dateModified":"2023-05-12T13:36:08+00:00","breadcrumb":{"@id":"https:\/\/youndigital.com\/index.php\/2023\/05\/10\/seminarioyoundigital\/#breadcrumb"},"inLanguage":"en","potentialAction":[{"@type":"ReadAction","target":["https:\/\/youndigital.com\/index.php\/2023\/05\/10\/seminarioyoundigital\/"]}]},{"@type":"ImageObject","inLanguage":"en","@id":"https:\/\/youndigital.com\/index.php\/2023\/05\/10\/seminarioyoundigital\/#primaryimage","url":"https:\/\/youndigital.com\/wp-content\/uploads\/2023\/05\/WhatsApp-Image-2023-05-04-at-13.38.54-2.jpeg","contentUrl":"https:\/\/youndigital.com\/wp-content\/uploads\/2023\/05\/WhatsApp-Image-2023-05-04-at-13.38.54-2.jpeg","width":1024,"height":768},{"@type":"BreadcrumbList","@id":"https:\/\/youndigital.com\/index.php\/2023\/05\/10\/seminarioyoundigital\/#breadcrumb","itemListElement":[{"@type":"ListItem","position":1,"name":"Home","item":"https:\/\/youndigital.com\/"},{"@type":"ListItem","position":2,"name":"YouNDigital debate Jovens e Not\u00edcias em semin\u00e1rio internacional"}]},{"@type":"WebSite","@id":"https:\/\/youndigital.com\/#website","url":"https:\/\/youndigital.com\/","name":"YouNDigital","description":"Youth, News and Digital Citizenship","publisher":{"@id":"https:\/\/youndigital.com\/#organization"},"potentialAction":[{"@type":"SearchAction","target":{"@type":"EntryPoint","urlTemplate":"https:\/\/youndigital.com\/?s={search_term_string}"},"query-input":{"@type":"PropertyValueSpecification","valueRequired":true,"valueName":"search_term_string"}}],"inLanguage":"en"},{"@type":"Organization","@id":"https:\/\/youndigital.com\/#organization","name":"YouNDigital","url":"https:\/\/youndigital.com\/","logo":{"@type":"ImageObject","inLanguage":"en","@id":"https:\/\/youndigital.com\/#\/schema\/logo\/image\/","url":"https:\/\/youndigital.com\/wp-content\/uploads\/2022\/10\/cropped-BrancoVerde_72dpi.png","contentUrl":"https:\/\/youndigital.com\/wp-content\/uploads\/2022\/10\/cropped-BrancoVerde_72dpi.png","width":500,"height":84,"caption":"YouNDigital"},"image":{"@id":"https:\/\/youndigital.com\/#\/schema\/logo\/image\/"}},{"@type":"Person","@id":"https:\/\/youndigital.com\/#\/schema\/person\/aa3857cc512aad0a515b6e23d61a2596","name":"admin","image":{"@type":"ImageObject","inLanguage":"en","@id":"https:\/\/youndigital.com\/#\/schema\/person\/image\/","url":"https:\/\/secure.gravatar.com\/avatar\/5b885437c0994cd1858f5a03388fbff848ee035aa72e5d97865dccfe444807df?s=96&d=mm&r=g","contentUrl":"https:\/\/secure.gravatar.com\/avatar\/5b885437c0994cd1858f5a03388fbff848ee035aa72e5d97865dccfe444807df?s=96&d=mm&r=g","caption":"admin"},"sameAs":["https:\/\/youndigital.com"],"url":"https:\/\/youndigital.com\/index.php\/author\/youndigital\/"}]}},"jetpack_sharing_enabled":true,"jetpack_featured_media_url":"https:\/\/youndigital.com\/wp-content\/uploads\/2023\/05\/WhatsApp-Image-2023-05-04-at-13.38.54-2.jpeg","rttpg_featured_image_url":{"full":["https:\/\/youndigital.com\/wp-content\/uploads\/2023\/05\/WhatsApp-Image-2023-05-04-at-13.38.54-2.jpeg",1024,768,false],"landscape":["https:\/\/youndigital.com\/wp-content\/uploads\/2023\/05\/WhatsApp-Image-2023-05-04-at-13.38.54-2.jpeg",1024,768,false],"portraits":["https:\/\/youndigital.com\/wp-content\/uploads\/2023\/05\/WhatsApp-Image-2023-05-04-at-13.38.54-2.jpeg",1024,768,false],"thumbnail":["https:\/\/youndigital.com\/wp-content\/uploads\/2023\/05\/WhatsApp-Image-2023-05-04-at-13.38.54-2-150x150.jpeg",150,150,true],"medium":["https:\/\/youndigital.com\/wp-content\/uploads\/2023\/05\/WhatsApp-Image-2023-05-04-at-13.38.54-2-300x225.jpeg",300,225,true],"large":["https:\/\/youndigital.com\/wp-content\/uploads\/2023\/05\/WhatsApp-Image-2023-05-04-at-13.38.54-2.jpeg",800,600,false],"1536x1536":["https:\/\/youndigital.com\/wp-content\/uploads\/2023\/05\/WhatsApp-Image-2023-05-04-at-13.38.54-2.jpeg",1024,768,false],"2048x2048":["https:\/\/youndigital.com\/wp-content\/uploads\/2023\/05\/WhatsApp-Image-2023-05-04-at-13.38.54-2.jpeg",1024,768,false],"onepress-blog-small":["https:\/\/youndigital.com\/wp-content\/uploads\/2023\/05\/WhatsApp-Image-2023-05-04-at-13.38.54-2-300x150.jpeg",300,150,true],"onepress-small":["https:\/\/youndigital.com\/wp-content\/uploads\/2023\/05\/WhatsApp-Image-2023-05-04-at-13.38.54-2-480x300.jpeg",480,300,true],"onepress-medium":["https:\/\/youndigital.com\/wp-content\/uploads\/2023\/05\/WhatsApp-Image-2023-05-04-at-13.38.54-2-640x400.jpeg",640,400,true]},"rttpg_author":{"display_name":"admin","author_link":"https:\/\/youndigital.com\/index.php\/author\/youndigital\/"},"rttpg_comment":0,"rttpg_category":"<a href=\"https:\/\/youndigital.com\/index.php\/category\/news\/\" rel=\"category tag\">News<\/a>","rttpg_excerpt":"A rela\u00e7\u00e3o entre os jovens e as not\u00edcias foi o foco do semin\u00e1rio \u201cLet\u2019s talk about Youth and News\u201d promovido pelo projeto YouNDigital &#8211; Jovens, Not\u00edcias e Cidadania Digital (PTDC\/COM-OUT\/0243\/2021) ...","_links":{"self":[{"href":"https:\/\/youndigital.com\/index.php\/wp-json\/wp\/v2\/posts\/1565","targetHints":{"allow":["GET"]}}],"collection":[{"href":"https:\/\/youndigital.com\/index.php\/wp-json\/wp\/v2\/posts"}],"about":[{"href":"https:\/\/youndigital.com\/index.php\/wp-json\/wp\/v2\/types\/post"}],"author":[{"embeddable":true,"href":"https:\/\/youndigital.com\/index.php\/wp-json\/wp\/v2\/users\/1"}],"replies":[{"embeddable":true,"href":"https:\/\/youndigital.com\/index.php\/wp-json\/wp\/v2\/comments?post=1565"}],"version-history":[{"count":51,"href":"https:\/\/youndigital.com\/index.php\/wp-json\/wp\/v2\/posts\/1565\/revisions"}],"predecessor-version":[{"id":1633,"href":"https:\/\/youndigital.com\/index.php\/wp-json\/wp\/v2\/posts\/1565\/revisions\/1633"}],"wp:featuredmedia":[{"embeddable":true,"href":"https:\/\/youndigital.com\/index.php\/wp-json\/wp\/v2\/media\/1568"}],"wp:attachment":[{"href":"https:\/\/youndigital.com\/index.php\/wp-json\/wp\/v2\/media?parent=1565"}],"wp:term":[{"taxonomy":"category","embeddable":true,"href":"https:\/\/youndigital.com\/index.php\/wp-json\/wp\/v2\/categories?post=1565"},{"taxonomy":"post_tag","embeddable":true,"href":"https:\/\/youndigital.com\/index.php\/wp-json\/wp\/v2\/tags?post=1565"}],"curies":[{"name":"wp","href":"https:\/\/api.w.org\/{rel}","templated":true}]}}