{"id":3814,"date":"2024-12-17T16:39:42","date_gmt":"2024-12-17T16:39:42","guid":{"rendered":"https:\/\/youndigital.com\/?p=3814"},"modified":"2024-12-17T16:44:12","modified_gmt":"2024-12-17T16:44:12","slug":"responsabilidade-representatividade-e-literacias-as-noticias-no-futuro-nao-devem-perde-las-de-vista","status":"publish","type":"post","link":"https:\/\/youndigital.com\/index.php\/2024\/12\/17\/responsabilidade-representatividade-e-literacias-as-noticias-no-futuro-nao-devem-perde-las-de-vista\/","title":{"rendered":"Responsabilidade, Representatividade e Literacia(s): as not\u00edcias no futuro n\u00e3o devem perd\u00ea-las de vista"},"content":{"rendered":"\t\t<div data-elementor-type=\"wp-post\" data-elementor-id=\"3814\" class=\"elementor elementor-3814\" data-elementor-settings=\"{&quot;ha_cmc_init_switcher&quot;:&quot;no&quot;}\">\n\t\t\t\t\t\t<section class=\"elementor-section elementor-top-section elementor-element elementor-element-af16c6e elementor-section-boxed elementor-section-height-default elementor-section-height-default\" data-id=\"af16c6e\" data-element_type=\"section\" data-settings=\"{&quot;_ha_eqh_enable&quot;:false}\">\n\t\t\t\t\t\t<div class=\"elementor-container elementor-column-gap-default\">\n\t\t\t\t\t<div class=\"elementor-column elementor-col-33 elementor-top-column elementor-element elementor-element-6a897a2\" data-id=\"6a897a2\" data-element_type=\"column\">\n\t\t\t<div class=\"elementor-widget-wrap\">\n\t\t\t\t\t\t\t<\/div>\n\t\t<\/div>\n\t\t\t\t<div class=\"elementor-column elementor-col-33 elementor-top-column elementor-element elementor-element-b69c751\" data-id=\"b69c751\" data-element_type=\"column\">\n\t\t\t<div class=\"elementor-widget-wrap elementor-element-populated\">\n\t\t\t\t\t\t<div class=\"elementor-element elementor-element-7ab338ad elementor-widget__width-initial elementor-widget elementor-widget-text-editor\" data-id=\"7ab338ad\" data-element_type=\"widget\" data-widget_type=\"text-editor.default\">\n\t\t\t\t<div class=\"elementor-widget-container\">\n\t\t\t\t\t\t\t\t\t<p><span style=\"font-weight: 400;\">Jovens e jornalistas reuniram-se na Sala Nobre da Universidade Lus\u00f3fona &#8211; Centro Universit\u00e1rio do Porto na passada ter\u00e7a-feira, dia 10 de dezembro, para pensar as not\u00edcias no futuro. A responsabilidade, a representatividade e as literacias estiveram no centro do debate: por um lado, na perspetiva dos oradores, as bolhas e c\u00e2maras de eco, o excesso de informa\u00e7\u00e3o e a desinforma\u00e7\u00e3o evocam a necessidade de os jornalistas n\u00e3o perderem de vista a responsabilidade no exerc\u00edcio das suas fun\u00e7\u00f5es, ao passo que se revela importante apostar nas literacias medi\u00e1tica e, mais recentemente, de algoritmos e Intelig\u00eancia Artificial. Por outro lado, tamb\u00e9m a necessidade de apostar em vozes mais jovens foi alvo de reflex\u00e3o.<\/span><\/p><p>\u00a0<\/p><p><span style=\"font-weight: 400;\">O encontro promoveu a troca de ideias entre Daniel Catal\u00e3o, da RTP, Adriano Cerqueira, dos 90 Segundos de Ci\u00eancia, Carolina Franco, do Shifter e do P\u00fablico na Escola, Francisco Porto Fernandes, colunista do jornal P\u00fablico e do Jornal de Not\u00edcias, Mariana Vieira, estudante de licenciatura em Ci\u00eancias da Comunica\u00e7\u00e3o na Universidade Lus\u00f3fona e Camila Lu\u00eds, tamb\u00e9m estudante da \u00e1rea na Universidade de Coimbra e jornalista universit\u00e1ria n\u2019A Cabra, que foram convidados a refletir sobre o tema a partir de respostas \u00e0 pergunta aberta \u201cComo ser\u00e3o as not\u00edcias no futuro?\u201d do inqu\u00e9rito representativo, aplicado online, no \u00e2mbito do projeto YouNDigital a 1362 jovens entre os 15 e os 24 anos a residir em Portugal.<\/span><\/p><p><img fetchpriority=\"high\" decoding=\"async\" class=\"aligncenter wp-image-3816 size-large\" src=\"https:\/\/youndigital.com\/wp-content\/uploads\/2024\/12\/WhatsApp-Image-2024-12-10-at-13.40.11-1024x799.jpeg\" alt=\"\" width=\"800\" height=\"624\" \/><\/p><p><span style=\"font-weight: 400;\">\u00a0<\/span><\/p>\t\t\t\t\t\t\t\t<\/div>\n\t\t\t\t<\/div>\n\t\t\t\t<div class=\"elementor-element elementor-element-a7c80b3 elementor-widget elementor-widget-spacer\" data-id=\"a7c80b3\" data-element_type=\"widget\" data-widget_type=\"spacer.default\">\n\t\t\t\t<div class=\"elementor-widget-container\">\n\t\t\t\t\t\t\t<div class=\"elementor-spacer\">\n\t\t\t<div class=\"elementor-spacer-inner\"><\/div>\n\t\t<\/div>\n\t\t\t\t\t\t<\/div>\n\t\t\t\t<\/div>\n\t\t\t\t\t<\/div>\n\t\t<\/div>\n\t\t\t\t<div class=\"elementor-column elementor-col-33 elementor-top-column elementor-element elementor-element-d914610\" data-id=\"d914610\" data-element_type=\"column\">\n\t\t\t<div class=\"elementor-widget-wrap elementor-element-populated\">\n\t\t\t\t\t\t<div class=\"elementor-element elementor-element-2413ec8 elementor-widget elementor-widget-ha-social-share happy-addon ha-social-share\" data-id=\"2413ec8\" data-element_type=\"widget\" data-widget_type=\"ha-social-share.default\">\n\t\t\t\t<div class=\"elementor-widget-container\">\n\t\t\t\t\t\t\t<ul class=\"ha-share-buttons\">\n\t\t\t\t\t\t\t<li class=\"ha-share-button elementor-repeater-item-a91f719\">\n\t\t\t\t\t<a class=\"sharer ha-share-network elementor-social-icon-facebook\" data-sharer=\"facebook\" data-url=\"https:\/\/youndigital.com\/index.php\/2024\/12\/17\/responsabilidade-representatividade-e-literacias-as-noticias-no-futuro-nao-devem-perde-las-de-vista\/\" data-hashtags=\"\" data-title=\"\" data-image=\"\" data-to=\"\" data-subject=\"\">\n\t\t\t\t\t\t\t\t\t\t\t\t\t<i class=\"fab fa-facebook\" aria-hidden=\"true\"><\/i>\n\t\t\t\t\t\t\t\t\t\t\t\t<\/a>\n\t\t\t\t<\/li>\n\t\t\t\t\t\t\t\t<li class=\"ha-share-button elementor-repeater-item-7f69c6d\">\n\t\t\t\t\t<a class=\"sharer ha-share-network elementor-social-icon-twitter\" data-sharer=\"twitter\" data-url=\"https:\/\/youndigital.com\/index.php\/2024\/12\/17\/responsabilidade-representatividade-e-literacias-as-noticias-no-futuro-nao-devem-perde-las-de-vista\/\" data-hashtags=\"\" data-title=\"\" data-image=\"\" data-to=\"\" data-subject=\"\">\n\t\t\t\t\t\t\t\t\t\t\t\t\t<i class=\"fab fa-twitter\" aria-hidden=\"true\"><\/i>\n\t\t\t\t\t\t\t\t\t\t\t\t<\/a>\n\t\t\t\t<\/li>\n\t\t\t\t\t\t\t\t<li class=\"ha-share-button elementor-repeater-item-16b286d\">\n\t\t\t\t\t<a class=\"sharer ha-share-network elementor-social-icon-linkedin\" data-sharer=\"linkedin\" data-url=\"https:\/\/youndigital.com\/index.php\/2024\/12\/17\/responsabilidade-representatividade-e-literacias-as-noticias-no-futuro-nao-devem-perde-las-de-vista\/\" data-hashtags=\"\" data-title=\"\" data-image=\"\" data-to=\"\" data-subject=\"\">\n\t\t\t\t\t\t\t\t\t\t\t\t\t<i class=\"fab fa-linkedin\" aria-hidden=\"true\"><\/i>\n\t\t\t\t\t\t\t\t\t\t\t\t<\/a>\n\t\t\t\t<\/li>\n\t\t\t\t\t\t\t\t<li class=\"ha-share-button elementor-repeater-item-048dc2c\">\n\t\t\t\t\t<a class=\"sharer ha-share-network elementor-social-icon-email\" data-sharer=\"email\" data-url=\"https:\/\/youndigital.com\/index.php\/2024\/12\/17\/responsabilidade-representatividade-e-literacias-as-noticias-no-futuro-nao-devem-perde-las-de-vista\/\" data-hashtags=\"\" data-title=\"\" data-image=\"\" data-to=\"\" data-subject=\"\">\n\t\t\t\t\t\t\t\t\t\t\t\t\t<i class=\"fa fa-envelope\" aria-hidden=\"true\"><\/i>\n\t\t\t\t\t\t\t\t\t\t\t\t<\/a>\n\t\t\t\t<\/li>\n\t\t\t\t\n\t\t<\/ul>\n\t\t\t\t\t\t<\/div>\n\t\t\t\t<\/div>\n\t\t\t\t\t<\/div>\n\t\t<\/div>\n\t\t\t\t\t<\/div>\n\t\t<\/section>\n\t\t\t\t<\/div>\n\t\t","protected":false},"excerpt":{"rendered":"<p>Jovens e jornalistas reuniram-se na Sala Nobre da Universidade Lus\u00f3fona &#8211; Centro Universit\u00e1rio do Porto na passada ter\u00e7a-feira, dia 10 de dezembro, para pensar as not\u00edcias no futuro. A responsabilidade, &#8230;<\/p>\n","protected":false},"author":6,"featured_media":3816,"comment_status":"closed","ping_status":"closed","sticky":false,"template":"","format":"standard","meta":{"_monsterinsights_skip_tracking":false,"_monsterinsights_sitenote_active":false,"_monsterinsights_sitenote_note":"","_monsterinsights_sitenote_category":0,"_jetpack_memberships_contains_paid_content":false,"footnotes":""},"categories":[41],"tags":[],"class_list":["post-3814","post","type-post","status-publish","format-standard","has-post-thumbnail","hentry","category-news"],"yoast_head":"<!-- This site is optimized with the Yoast SEO plugin v24.3 - https:\/\/yoast.com\/wordpress\/plugins\/seo\/ -->\n<title>Responsabilidade, Representatividade e Literacia(s): as not\u00edcias no futuro n\u00e3o devem perd\u00ea-las de vista - YouNDigital<\/title>\n<meta name=\"robots\" content=\"index, follow, max-snippet:-1, max-image-preview:large, max-video-preview:-1\" \/>\n<link rel=\"canonical\" href=\"https:\/\/youndigital.com\/index.php\/2024\/12\/17\/responsabilidade-representatividade-e-literacias-as-noticias-no-futuro-nao-devem-perde-las-de-vista\/\" \/>\n<meta property=\"og:locale\" content=\"en_US\" \/>\n<meta property=\"og:type\" content=\"article\" \/>\n<meta property=\"og:title\" content=\"Responsabilidade, Representatividade e Literacia(s): as not\u00edcias no futuro n\u00e3o devem perd\u00ea-las de vista - YouNDigital\" \/>\n<meta property=\"og:description\" content=\"Jovens e jornalistas reuniram-se na Sala Nobre da Universidade Lus\u00f3fona &#8211; Centro Universit\u00e1rio do Porto na passada ter\u00e7a-feira, dia 10 de dezembro, para pensar as not\u00edcias no futuro. A responsabilidade, ...\" \/>\n<meta property=\"og:url\" content=\"https:\/\/youndigital.com\/index.php\/2024\/12\/17\/responsabilidade-representatividade-e-literacias-as-noticias-no-futuro-nao-devem-perde-las-de-vista\/\" \/>\n<meta property=\"og:site_name\" content=\"YouNDigital\" \/>\n<meta property=\"article:published_time\" content=\"2024-12-17T16:39:42+00:00\" \/>\n<meta property=\"article:modified_time\" content=\"2024-12-17T16:44:12+00:00\" \/>\n<meta property=\"og:image\" content=\"https:\/\/youndigital.com\/wp-content\/uploads\/2024\/12\/WhatsApp-Image-2024-12-10-at-13.40.11-e1734453838939.jpeg\" \/>\n\t<meta property=\"og:image:width\" content=\"1375\" \/>\n\t<meta property=\"og:image:height\" content=\"615\" \/>\n\t<meta property=\"og:image:type\" content=\"image\/jpeg\" \/>\n<meta name=\"author\" content=\"Margarida Maneta\" \/>\n<meta name=\"twitter:card\" content=\"summary_large_image\" \/>\n<meta name=\"twitter:label1\" content=\"Written by\" \/>\n\t<meta name=\"twitter:data1\" content=\"Margarida Maneta\" \/>\n\t<meta name=\"twitter:label2\" content=\"Est. reading time\" \/>\n\t<meta name=\"twitter:data2\" content=\"2 minutes\" \/>\n<script type=\"application\/ld+json\" class=\"yoast-schema-graph\">{\"@context\":\"https:\/\/schema.org\",\"@graph\":[{\"@type\":\"Article\",\"@id\":\"https:\/\/youndigital.com\/index.php\/2024\/12\/17\/responsabilidade-representatividade-e-literacias-as-noticias-no-futuro-nao-devem-perde-las-de-vista\/#article\",\"isPartOf\":{\"@id\":\"https:\/\/youndigital.com\/index.php\/2024\/12\/17\/responsabilidade-representatividade-e-literacias-as-noticias-no-futuro-nao-devem-perde-las-de-vista\/\"},\"author\":{\"name\":\"Margarida Maneta\",\"@id\":\"https:\/\/youndigital.com\/#\/schema\/person\/217b919881aa5ffdc93a20953d8a5770\"},\"headline\":\"Responsabilidade, Representatividade e Literacia(s): as not\u00edcias no futuro n\u00e3o devem perd\u00ea-las de vista\",\"datePublished\":\"2024-12-17T16:39:42+00:00\",\"dateModified\":\"2024-12-17T16:44:12+00:00\",\"mainEntityOfPage\":{\"@id\":\"https:\/\/youndigital.com\/index.php\/2024\/12\/17\/responsabilidade-representatividade-e-literacias-as-noticias-no-futuro-nao-devem-perde-las-de-vista\/\"},\"wordCount\":264,\"publisher\":{\"@id\":\"https:\/\/youndigital.com\/#organization\"},\"image\":{\"@id\":\"https:\/\/youndigital.com\/index.php\/2024\/12\/17\/responsabilidade-representatividade-e-literacias-as-noticias-no-futuro-nao-devem-perde-las-de-vista\/#primaryimage\"},\"thumbnailUrl\":\"https:\/\/youndigital.com\/wp-content\/uploads\/2024\/12\/WhatsApp-Image-2024-12-10-at-13.40.11-e1734453838939.jpeg\",\"articleSection\":[\"News\"],\"inLanguage\":\"en\"},{\"@type\":\"WebPage\",\"@id\":\"https:\/\/youndigital.com\/index.php\/2024\/12\/17\/responsabilidade-representatividade-e-literacias-as-noticias-no-futuro-nao-devem-perde-las-de-vista\/\",\"url\":\"https:\/\/youndigital.com\/index.php\/2024\/12\/17\/responsabilidade-representatividade-e-literacias-as-noticias-no-futuro-nao-devem-perde-las-de-vista\/\",\"name\":\"Responsabilidade, Representatividade e Literacia(s): as not\u00edcias no futuro n\u00e3o devem perd\u00ea-las de vista - YouNDigital\",\"isPartOf\":{\"@id\":\"https:\/\/youndigital.com\/#website\"},\"primaryImageOfPage\":{\"@id\":\"https:\/\/youndigital.com\/index.php\/2024\/12\/17\/responsabilidade-representatividade-e-literacias-as-noticias-no-futuro-nao-devem-perde-las-de-vista\/#primaryimage\"},\"image\":{\"@id\":\"https:\/\/youndigital.com\/index.php\/2024\/12\/17\/responsabilidade-representatividade-e-literacias-as-noticias-no-futuro-nao-devem-perde-las-de-vista\/#primaryimage\"},\"thumbnailUrl\":\"https:\/\/youndigital.com\/wp-content\/uploads\/2024\/12\/WhatsApp-Image-2024-12-10-at-13.40.11-e1734453838939.jpeg\",\"datePublished\":\"2024-12-17T16:39:42+00:00\",\"dateModified\":\"2024-12-17T16:44:12+00:00\",\"breadcrumb\":{\"@id\":\"https:\/\/youndigital.com\/index.php\/2024\/12\/17\/responsabilidade-representatividade-e-literacias-as-noticias-no-futuro-nao-devem-perde-las-de-vista\/#breadcrumb\"},\"inLanguage\":\"en\",\"potentialAction\":[{\"@type\":\"ReadAction\",\"target\":[\"https:\/\/youndigital.com\/index.php\/2024\/12\/17\/responsabilidade-representatividade-e-literacias-as-noticias-no-futuro-nao-devem-perde-las-de-vista\/\"]}]},{\"@type\":\"ImageObject\",\"inLanguage\":\"en\",\"@id\":\"https:\/\/youndigital.com\/index.php\/2024\/12\/17\/responsabilidade-representatividade-e-literacias-as-noticias-no-futuro-nao-devem-perde-las-de-vista\/#primaryimage\",\"url\":\"https:\/\/youndigital.com\/wp-content\/uploads\/2024\/12\/WhatsApp-Image-2024-12-10-at-13.40.11-e1734453838939.jpeg\",\"contentUrl\":\"https:\/\/youndigital.com\/wp-content\/uploads\/2024\/12\/WhatsApp-Image-2024-12-10-at-13.40.11-e1734453838939.jpeg\",\"width\":1375,\"height\":615},{\"@type\":\"BreadcrumbList\",\"@id\":\"https:\/\/youndigital.com\/index.php\/2024\/12\/17\/responsabilidade-representatividade-e-literacias-as-noticias-no-futuro-nao-devem-perde-las-de-vista\/#breadcrumb\",\"itemListElement\":[{\"@type\":\"ListItem\",\"position\":1,\"name\":\"Home\",\"item\":\"https:\/\/youndigital.com\/\"},{\"@type\":\"ListItem\",\"position\":2,\"name\":\"Responsabilidade, Representatividade e Literacia(s): as not\u00edcias no futuro n\u00e3o devem perd\u00ea-las de vista\"}]},{\"@type\":\"WebSite\",\"@id\":\"https:\/\/youndigital.com\/#website\",\"url\":\"https:\/\/youndigital.com\/\",\"name\":\"YouNDigital\",\"description\":\"Youth, News and Digital Citizenship\",\"publisher\":{\"@id\":\"https:\/\/youndigital.com\/#organization\"},\"potentialAction\":[{\"@type\":\"SearchAction\",\"target\":{\"@type\":\"EntryPoint\",\"urlTemplate\":\"https:\/\/youndigital.com\/?s={search_term_string}\"},\"query-input\":{\"@type\":\"PropertyValueSpecification\",\"valueRequired\":true,\"valueName\":\"search_term_string\"}}],\"inLanguage\":\"en\"},{\"@type\":\"Organization\",\"@id\":\"https:\/\/youndigital.com\/#organization\",\"name\":\"YouNDigital\",\"url\":\"https:\/\/youndigital.com\/\",\"logo\":{\"@type\":\"ImageObject\",\"inLanguage\":\"en\",\"@id\":\"https:\/\/youndigital.com\/#\/schema\/logo\/image\/\",\"url\":\"https:\/\/youndigital.com\/wp-content\/uploads\/2022\/10\/cropped-BrancoVerde_72dpi.png\",\"contentUrl\":\"https:\/\/youndigital.com\/wp-content\/uploads\/2022\/10\/cropped-BrancoVerde_72dpi.png\",\"width\":500,\"height\":84,\"caption\":\"YouNDigital\"},\"image\":{\"@id\":\"https:\/\/youndigital.com\/#\/schema\/logo\/image\/\"}},{\"@type\":\"Person\",\"@id\":\"https:\/\/youndigital.com\/#\/schema\/person\/217b919881aa5ffdc93a20953d8a5770\",\"name\":\"Margarida Maneta\",\"image\":{\"@type\":\"ImageObject\",\"inLanguage\":\"en\",\"@id\":\"https:\/\/youndigital.com\/#\/schema\/person\/image\/\",\"url\":\"https:\/\/secure.gravatar.com\/avatar\/766f0beb34eac6173f6b09aeb257c1f2884da9b1c6b799ea9ed8d720701d56ef?s=96&d=mm&r=g\",\"contentUrl\":\"https:\/\/secure.gravatar.com\/avatar\/766f0beb34eac6173f6b09aeb257c1f2884da9b1c6b799ea9ed8d720701d56ef?s=96&d=mm&r=g\",\"caption\":\"Margarida Maneta\"},\"url\":\"https:\/\/youndigital.com\/index.php\/author\/margarida-maneta\/\"}]}<\/script>\n<!-- \/ Yoast SEO plugin. -->","yoast_head_json":{"title":"Responsabilidade, Representatividade e Literacia(s): as not\u00edcias no futuro n\u00e3o devem perd\u00ea-las de vista - YouNDigital","robots":{"index":"index","follow":"follow","max-snippet":"max-snippet:-1","max-image-preview":"max-image-preview:large","max-video-preview":"max-video-preview:-1"},"canonical":"https:\/\/youndigital.com\/index.php\/2024\/12\/17\/responsabilidade-representatividade-e-literacias-as-noticias-no-futuro-nao-devem-perde-las-de-vista\/","og_locale":"en_US","og_type":"article","og_title":"Responsabilidade, Representatividade e Literacia(s): as not\u00edcias no futuro n\u00e3o devem perd\u00ea-las de vista - YouNDigital","og_description":"Jovens e jornalistas reuniram-se na Sala Nobre da Universidade Lus\u00f3fona &#8211; Centro Universit\u00e1rio do Porto na passada ter\u00e7a-feira, dia 10 de dezembro, para pensar as not\u00edcias no futuro. A responsabilidade, ...","og_url":"https:\/\/youndigital.com\/index.php\/2024\/12\/17\/responsabilidade-representatividade-e-literacias-as-noticias-no-futuro-nao-devem-perde-las-de-vista\/","og_site_name":"YouNDigital","article_published_time":"2024-12-17T16:39:42+00:00","article_modified_time":"2024-12-17T16:44:12+00:00","og_image":[{"width":1375,"height":615,"url":"https:\/\/youndigital.com\/wp-content\/uploads\/2024\/12\/WhatsApp-Image-2024-12-10-at-13.40.11-e1734453838939.jpeg","type":"image\/jpeg"}],"author":"Margarida Maneta","twitter_card":"summary_large_image","twitter_misc":{"Written by":"Margarida Maneta","Est. reading time":"2 minutes"},"schema":{"@context":"https:\/\/schema.org","@graph":[{"@type":"Article","@id":"https:\/\/youndigital.com\/index.php\/2024\/12\/17\/responsabilidade-representatividade-e-literacias-as-noticias-no-futuro-nao-devem-perde-las-de-vista\/#article","isPartOf":{"@id":"https:\/\/youndigital.com\/index.php\/2024\/12\/17\/responsabilidade-representatividade-e-literacias-as-noticias-no-futuro-nao-devem-perde-las-de-vista\/"},"author":{"name":"Margarida Maneta","@id":"https:\/\/youndigital.com\/#\/schema\/person\/217b919881aa5ffdc93a20953d8a5770"},"headline":"Responsabilidade, Representatividade e Literacia(s): as not\u00edcias no futuro n\u00e3o devem perd\u00ea-las de vista","datePublished":"2024-12-17T16:39:42+00:00","dateModified":"2024-12-17T16:44:12+00:00","mainEntityOfPage":{"@id":"https:\/\/youndigital.com\/index.php\/2024\/12\/17\/responsabilidade-representatividade-e-literacias-as-noticias-no-futuro-nao-devem-perde-las-de-vista\/"},"wordCount":264,"publisher":{"@id":"https:\/\/youndigital.com\/#organization"},"image":{"@id":"https:\/\/youndigital.com\/index.php\/2024\/12\/17\/responsabilidade-representatividade-e-literacias-as-noticias-no-futuro-nao-devem-perde-las-de-vista\/#primaryimage"},"thumbnailUrl":"https:\/\/youndigital.com\/wp-content\/uploads\/2024\/12\/WhatsApp-Image-2024-12-10-at-13.40.11-e1734453838939.jpeg","articleSection":["News"],"inLanguage":"en"},{"@type":"WebPage","@id":"https:\/\/youndigital.com\/index.php\/2024\/12\/17\/responsabilidade-representatividade-e-literacias-as-noticias-no-futuro-nao-devem-perde-las-de-vista\/","url":"https:\/\/youndigital.com\/index.php\/2024\/12\/17\/responsabilidade-representatividade-e-literacias-as-noticias-no-futuro-nao-devem-perde-las-de-vista\/","name":"Responsabilidade, Representatividade e Literacia(s): as not\u00edcias no futuro n\u00e3o devem perd\u00ea-las de vista - YouNDigital","isPartOf":{"@id":"https:\/\/youndigital.com\/#website"},"primaryImageOfPage":{"@id":"https:\/\/youndigital.com\/index.php\/2024\/12\/17\/responsabilidade-representatividade-e-literacias-as-noticias-no-futuro-nao-devem-perde-las-de-vista\/#primaryimage"},"image":{"@id":"https:\/\/youndigital.com\/index.php\/2024\/12\/17\/responsabilidade-representatividade-e-literacias-as-noticias-no-futuro-nao-devem-perde-las-de-vista\/#primaryimage"},"thumbnailUrl":"https:\/\/youndigital.com\/wp-content\/uploads\/2024\/12\/WhatsApp-Image-2024-12-10-at-13.40.11-e1734453838939.jpeg","datePublished":"2024-12-17T16:39:42+00:00","dateModified":"2024-12-17T16:44:12+00:00","breadcrumb":{"@id":"https:\/\/youndigital.com\/index.php\/2024\/12\/17\/responsabilidade-representatividade-e-literacias-as-noticias-no-futuro-nao-devem-perde-las-de-vista\/#breadcrumb"},"inLanguage":"en","potentialAction":[{"@type":"ReadAction","target":["https:\/\/youndigital.com\/index.php\/2024\/12\/17\/responsabilidade-representatividade-e-literacias-as-noticias-no-futuro-nao-devem-perde-las-de-vista\/"]}]},{"@type":"ImageObject","inLanguage":"en","@id":"https:\/\/youndigital.com\/index.php\/2024\/12\/17\/responsabilidade-representatividade-e-literacias-as-noticias-no-futuro-nao-devem-perde-las-de-vista\/#primaryimage","url":"https:\/\/youndigital.com\/wp-content\/uploads\/2024\/12\/WhatsApp-Image-2024-12-10-at-13.40.11-e1734453838939.jpeg","contentUrl":"https:\/\/youndigital.com\/wp-content\/uploads\/2024\/12\/WhatsApp-Image-2024-12-10-at-13.40.11-e1734453838939.jpeg","width":1375,"height":615},{"@type":"BreadcrumbList","@id":"https:\/\/youndigital.com\/index.php\/2024\/12\/17\/responsabilidade-representatividade-e-literacias-as-noticias-no-futuro-nao-devem-perde-las-de-vista\/#breadcrumb","itemListElement":[{"@type":"ListItem","position":1,"name":"Home","item":"https:\/\/youndigital.com\/"},{"@type":"ListItem","position":2,"name":"Responsabilidade, Representatividade e Literacia(s): as not\u00edcias no futuro n\u00e3o devem perd\u00ea-las de vista"}]},{"@type":"WebSite","@id":"https:\/\/youndigital.com\/#website","url":"https:\/\/youndigital.com\/","name":"YouNDigital","description":"Youth, News and Digital Citizenship","publisher":{"@id":"https:\/\/youndigital.com\/#organization"},"potentialAction":[{"@type":"SearchAction","target":{"@type":"EntryPoint","urlTemplate":"https:\/\/youndigital.com\/?s={search_term_string}"},"query-input":{"@type":"PropertyValueSpecification","valueRequired":true,"valueName":"search_term_string"}}],"inLanguage":"en"},{"@type":"Organization","@id":"https:\/\/youndigital.com\/#organization","name":"YouNDigital","url":"https:\/\/youndigital.com\/","logo":{"@type":"ImageObject","inLanguage":"en","@id":"https:\/\/youndigital.com\/#\/schema\/logo\/image\/","url":"https:\/\/youndigital.com\/wp-content\/uploads\/2022\/10\/cropped-BrancoVerde_72dpi.png","contentUrl":"https:\/\/youndigital.com\/wp-content\/uploads\/2022\/10\/cropped-BrancoVerde_72dpi.png","width":500,"height":84,"caption":"YouNDigital"},"image":{"@id":"https:\/\/youndigital.com\/#\/schema\/logo\/image\/"}},{"@type":"Person","@id":"https:\/\/youndigital.com\/#\/schema\/person\/217b919881aa5ffdc93a20953d8a5770","name":"Margarida Maneta","image":{"@type":"ImageObject","inLanguage":"en","@id":"https:\/\/youndigital.com\/#\/schema\/person\/image\/","url":"https:\/\/secure.gravatar.com\/avatar\/766f0beb34eac6173f6b09aeb257c1f2884da9b1c6b799ea9ed8d720701d56ef?s=96&d=mm&r=g","contentUrl":"https:\/\/secure.gravatar.com\/avatar\/766f0beb34eac6173f6b09aeb257c1f2884da9b1c6b799ea9ed8d720701d56ef?s=96&d=mm&r=g","caption":"Margarida Maneta"},"url":"https:\/\/youndigital.com\/index.php\/author\/margarida-maneta\/"}]}},"jetpack_sharing_enabled":true,"jetpack_featured_media_url":"https:\/\/youndigital.com\/wp-content\/uploads\/2024\/12\/WhatsApp-Image-2024-12-10-at-13.40.11-e1734453838939.jpeg","rttpg_featured_image_url":{"full":["https:\/\/youndigital.com\/wp-content\/uploads\/2024\/12\/WhatsApp-Image-2024-12-10-at-13.40.11-e1734453838939.jpeg",1375,615,false],"landscape":["https:\/\/youndigital.com\/wp-content\/uploads\/2024\/12\/WhatsApp-Image-2024-12-10-at-13.40.11-e1734453838939.jpeg",1375,615,false],"portraits":["https:\/\/youndigital.com\/wp-content\/uploads\/2024\/12\/WhatsApp-Image-2024-12-10-at-13.40.11-e1734453838939.jpeg",1375,615,false],"thumbnail":["https:\/\/youndigital.com\/wp-content\/uploads\/2024\/12\/WhatsApp-Image-2024-12-10-at-13.40.11-e1734453838939-150x150.jpeg",150,150,true],"medium":["https:\/\/youndigital.com\/wp-content\/uploads\/2024\/12\/WhatsApp-Image-2024-12-10-at-13.40.11-e1734453838939-300x134.jpeg",300,134,true],"large":["https:\/\/youndigital.com\/wp-content\/uploads\/2024\/12\/WhatsApp-Image-2024-12-10-at-13.40.11-e1734453838939-1024x458.jpeg",800,358,true],"1536x1536":["https:\/\/youndigital.com\/wp-content\/uploads\/2024\/12\/WhatsApp-Image-2024-12-10-at-13.40.11-1536x1198.jpeg",1536,1198,true],"2048x2048":["https:\/\/youndigital.com\/wp-content\/uploads\/2024\/12\/WhatsApp-Image-2024-12-10-at-13.40.11-e1734453838939.jpeg",1375,615,false],"onepress-blog-small":["https:\/\/youndigital.com\/wp-content\/uploads\/2024\/12\/WhatsApp-Image-2024-12-10-at-13.40.11-e1734453838939-300x150.jpeg",300,150,true],"onepress-small":["https:\/\/youndigital.com\/wp-content\/uploads\/2024\/12\/WhatsApp-Image-2024-12-10-at-13.40.11-e1734453838939-480x300.jpeg",480,300,true],"onepress-medium":["https:\/\/youndigital.com\/wp-content\/uploads\/2024\/12\/WhatsApp-Image-2024-12-10-at-13.40.11-e1734453838939-640x400.jpeg",640,400,true]},"rttpg_author":{"display_name":"Margarida Maneta","author_link":"https:\/\/youndigital.com\/index.php\/author\/margarida-maneta\/"},"rttpg_comment":0,"rttpg_category":"<a href=\"https:\/\/youndigital.com\/index.php\/category\/news\/\" rel=\"category tag\">News<\/a>","rttpg_excerpt":"Jovens e jornalistas reuniram-se na Sala Nobre da Universidade Lus\u00f3fona &#8211; Centro Universit\u00e1rio do Porto na passada ter\u00e7a-feira, dia 10 de dezembro, para pensar as not\u00edcias no futuro. A responsabilidade, ...","_links":{"self":[{"href":"https:\/\/youndigital.com\/index.php\/wp-json\/wp\/v2\/posts\/3814","targetHints":{"allow":["GET"]}}],"collection":[{"href":"https:\/\/youndigital.com\/index.php\/wp-json\/wp\/v2\/posts"}],"about":[{"href":"https:\/\/youndigital.com\/index.php\/wp-json\/wp\/v2\/types\/post"}],"author":[{"embeddable":true,"href":"https:\/\/youndigital.com\/index.php\/wp-json\/wp\/v2\/users\/6"}],"replies":[{"embeddable":true,"href":"https:\/\/youndigital.com\/index.php\/wp-json\/wp\/v2\/comments?post=3814"}],"version-history":[{"count":4,"href":"https:\/\/youndigital.com\/index.php\/wp-json\/wp\/v2\/posts\/3814\/revisions"}],"predecessor-version":[{"id":3819,"href":"https:\/\/youndigital.com\/index.php\/wp-json\/wp\/v2\/posts\/3814\/revisions\/3819"}],"wp:featuredmedia":[{"embeddable":true,"href":"https:\/\/youndigital.com\/index.php\/wp-json\/wp\/v2\/media\/3816"}],"wp:attachment":[{"href":"https:\/\/youndigital.com\/index.php\/wp-json\/wp\/v2\/media?parent=3814"}],"wp:term":[{"taxonomy":"category","embeddable":true,"href":"https:\/\/youndigital.com\/index.php\/wp-json\/wp\/v2\/categories?post=3814"},{"taxonomy":"post_tag","embeddable":true,"href":"https:\/\/youndigital.com\/index.php\/wp-json\/wp\/v2\/tags?post=3814"}],"curies":[{"name":"wp","href":"https:\/\/api.w.org\/{rel}","templated":true}]}}