{"id":4255,"date":"2025-10-14T14:45:50","date_gmt":"2025-10-14T14:45:50","guid":{"rendered":"https:\/\/youndigital.com\/?p=4255"},"modified":"2025-10-14T14:48:46","modified_gmt":"2025-10-14T14:48:46","slug":"media-con","status":"publish","type":"post","link":"https:\/\/youndigital.com\/index.php\/2025\/10\/14\/media-con\/","title":{"rendered":"Investigadora YouNDigital discute literacia medi\u00e1tica num mundo p\u00f3s fact-checking no MediaCon 2025"},"content":{"rendered":"\t\t<div data-elementor-type=\"wp-post\" data-elementor-id=\"4255\" class=\"elementor elementor-4255\" data-elementor-settings=\"{&quot;ha_cmc_init_switcher&quot;:&quot;no&quot;}\">\n\t\t\t\t\t\t<section class=\"elementor-section elementor-top-section elementor-element elementor-element-af16c6e elementor-section-boxed elementor-section-height-default elementor-section-height-default\" data-id=\"af16c6e\" data-element_type=\"section\" data-settings=\"{&quot;_ha_eqh_enable&quot;:false}\">\n\t\t\t\t\t\t<div class=\"elementor-container elementor-column-gap-default\">\n\t\t\t\t\t<div class=\"elementor-column elementor-col-33 elementor-top-column elementor-element elementor-element-6a897a2\" data-id=\"6a897a2\" data-element_type=\"column\">\n\t\t\t<div class=\"elementor-widget-wrap\">\n\t\t\t\t\t\t\t<\/div>\n\t\t<\/div>\n\t\t\t\t<div class=\"elementor-column elementor-col-33 elementor-top-column elementor-element elementor-element-b69c751\" data-id=\"b69c751\" data-element_type=\"column\">\n\t\t\t<div class=\"elementor-widget-wrap elementor-element-populated\">\n\t\t\t\t\t\t<div class=\"elementor-element elementor-element-7ab338ad elementor-widget__width-initial elementor-widget elementor-widget-text-editor\" data-id=\"7ab338ad\" data-element_type=\"widget\" data-widget_type=\"text-editor.default\">\n\t\t\t\t<div class=\"elementor-widget-container\">\n\t\t\t\t\t\t\t\t\t<p>Nos dias 10 e 11 de outubro de 2025, Lisboa acolheu a segunda edi\u00e7\u00e3o da <a href=\"https:\/\/www.goethe.de\/ins\/pt\/pt\/kul\/sup\/med.html\" target=\"_blank\" rel=\"noopener\"><span style=\"color: #000000; text-decoration: underline; text-decoration-color: #00ff00;\">MediaCon \u2013 \u00abEncontros com o Jornalismo\u00bb<\/span><\/a>, sob o tema \u00abO jornalismo que queremos\u00bb. O evento teve como objetivo refletir sobre o papel atual do jornalismo na era da desinforma\u00e7\u00e3o.<\/p><p>O programa de dois dias contou com debates, conversas e masterclasses, oferecendo aos participantes um espa\u00e7o para discutir os desafios e as responsabilidades \u00e9ticas do jornalismo atual. Os t\u00f3picos inclu\u00edram cr\u00edtica cultural, jornalismo transfronteiri\u00e7o e comunica\u00e7\u00e3o cient\u00edfica, com sess\u00f5es destinadas tanto ao p\u00fablico geral como a p\u00fablicos especializados. O evento contou tamb\u00e9m com uma sess\u00e3o Pecha Kucha para apresenta\u00e7\u00f5es de projetos e uma feira de media, aberta ao p\u00fablico.<\/p><p>No dia 11, Margarida Maneta, doutoranda da Universidade Lus\u00f3fona e membro do projeto YouNDigital, participou no painel \u00abLiteracia medi\u00e1tica num mundo p\u00f3s fact-checking\u00bb. Apresentou insights da investiga\u00e7\u00e3o YouNDigital e partilhou as suas experi\u00eancias no ensino e forma\u00e7\u00e3o de jovens e seniores em Literacia Medi\u00e1tica e Informacional (LMI) em Portugal.<\/p><p>A sua participa\u00e7\u00e3o destacou a import\u00e2ncia das iniciativas de literacia medi\u00e1tica cr\u00edtica na promo\u00e7\u00e3o da cidadania informada e no refor\u00e7o da resili\u00eancia democr\u00e1tica na era digital.<\/p>\t\t\t\t\t\t\t\t<\/div>\n\t\t\t\t<\/div>\n\t\t\t\t<div class=\"elementor-element elementor-element-a7c80b3 elementor-widget elementor-widget-spacer\" data-id=\"a7c80b3\" data-element_type=\"widget\" data-widget_type=\"spacer.default\">\n\t\t\t\t<div class=\"elementor-widget-container\">\n\t\t\t\t\t\t\t<div class=\"elementor-spacer\">\n\t\t\t<div class=\"elementor-spacer-inner\"><\/div>\n\t\t<\/div>\n\t\t\t\t\t\t<\/div>\n\t\t\t\t<\/div>\n\t\t\t\t\t<\/div>\n\t\t<\/div>\n\t\t\t\t<div class=\"elementor-column elementor-col-33 elementor-top-column elementor-element elementor-element-d914610\" data-id=\"d914610\" data-element_type=\"column\">\n\t\t\t<div class=\"elementor-widget-wrap elementor-element-populated\">\n\t\t\t\t\t\t<div class=\"elementor-element elementor-element-2413ec8 elementor-widget elementor-widget-ha-social-share happy-addon ha-social-share\" data-id=\"2413ec8\" data-element_type=\"widget\" data-widget_type=\"ha-social-share.default\">\n\t\t\t\t<div class=\"elementor-widget-container\">\n\t\t\t\t\t\t\t<ul class=\"ha-share-buttons\">\n\t\t\t\t\t\t\t<li class=\"ha-share-button elementor-repeater-item-a91f719\">\n\t\t\t\t\t<a class=\"sharer ha-share-network elementor-social-icon-facebook\" data-sharer=\"facebook\" data-url=\"https:\/\/youndigital.com\/index.php\/2025\/10\/14\/media-con\/\" data-hashtags=\"\" data-title=\"\" data-image=\"\" data-to=\"\" data-subject=\"\">\n\t\t\t\t\t\t\t\t\t\t\t\t\t<i class=\"fab fa-facebook\" aria-hidden=\"true\"><\/i>\n\t\t\t\t\t\t\t\t\t\t\t\t<\/a>\n\t\t\t\t<\/li>\n\t\t\t\t\t\t\t\t<li class=\"ha-share-button elementor-repeater-item-7f69c6d\">\n\t\t\t\t\t<a class=\"sharer ha-share-network elementor-social-icon-twitter\" data-sharer=\"twitter\" data-url=\"https:\/\/youndigital.com\/index.php\/2025\/10\/14\/media-con\/\" data-hashtags=\"\" data-title=\"\" data-image=\"\" data-to=\"\" data-subject=\"\">\n\t\t\t\t\t\t\t\t\t\t\t\t\t<i class=\"fab fa-twitter\" aria-hidden=\"true\"><\/i>\n\t\t\t\t\t\t\t\t\t\t\t\t<\/a>\n\t\t\t\t<\/li>\n\t\t\t\t\t\t\t\t<li class=\"ha-share-button elementor-repeater-item-16b286d\">\n\t\t\t\t\t<a class=\"sharer ha-share-network elementor-social-icon-linkedin\" data-sharer=\"linkedin\" data-url=\"https:\/\/youndigital.com\/index.php\/2025\/10\/14\/media-con\/\" data-hashtags=\"\" data-title=\"\" data-image=\"\" data-to=\"\" data-subject=\"\">\n\t\t\t\t\t\t\t\t\t\t\t\t\t<i class=\"fab fa-linkedin\" aria-hidden=\"true\"><\/i>\n\t\t\t\t\t\t\t\t\t\t\t\t<\/a>\n\t\t\t\t<\/li>\n\t\t\t\t\t\t\t\t<li class=\"ha-share-button elementor-repeater-item-048dc2c\">\n\t\t\t\t\t<a class=\"sharer ha-share-network elementor-social-icon-email\" data-sharer=\"email\" data-url=\"https:\/\/youndigital.com\/index.php\/2025\/10\/14\/media-con\/\" data-hashtags=\"\" data-title=\"\" data-image=\"\" data-to=\"\" data-subject=\"\">\n\t\t\t\t\t\t\t\t\t\t\t\t\t<i class=\"fa fa-envelope\" aria-hidden=\"true\"><\/i>\n\t\t\t\t\t\t\t\t\t\t\t\t<\/a>\n\t\t\t\t<\/li>\n\t\t\t\t\n\t\t<\/ul>\n\t\t\t\t\t\t<\/div>\n\t\t\t\t<\/div>\n\t\t\t\t\t<\/div>\n\t\t<\/div>\n\t\t\t\t\t<\/div>\n\t\t<\/section>\n\t\t\t\t<\/div>\n\t\t","protected":false},"excerpt":{"rendered":"<p>Nos dias 10 e 11 de outubro de 2025, Lisboa acolheu a segunda edi\u00e7\u00e3o da MediaCon \u2013 \u00abEncontros com o Jornalismo\u00bb, sob o tema \u00abO jornalismo que queremos\u00bb. O evento &#8230;<\/p>\n","protected":false},"author":6,"featured_media":4260,"comment_status":"closed","ping_status":"closed","sticky":false,"template":"","format":"standard","meta":{"_monsterinsights_skip_tracking":false,"_monsterinsights_sitenote_active":false,"_monsterinsights_sitenote_note":"","_monsterinsights_sitenote_category":0,"_jetpack_memberships_contains_paid_content":false,"footnotes":""},"categories":[41],"tags":[],"class_list":["post-4255","post","type-post","status-publish","format-standard","has-post-thumbnail","hentry","category-news"],"yoast_head":"<!-- This site is optimized with the Yoast SEO plugin v24.3 - https:\/\/yoast.com\/wordpress\/plugins\/seo\/ -->\n<title>Investigadora YouNDigital discute literacia medi\u00e1tica num mundo p\u00f3s fact-checking no MediaCon 2025 - YouNDigital<\/title>\n<meta name=\"robots\" content=\"index, follow, max-snippet:-1, max-image-preview:large, max-video-preview:-1\" \/>\n<link rel=\"canonical\" href=\"https:\/\/youndigital.com\/index.php\/2025\/10\/14\/media-con\/\" \/>\n<meta property=\"og:locale\" content=\"en_US\" \/>\n<meta property=\"og:type\" content=\"article\" \/>\n<meta property=\"og:title\" content=\"Investigadora YouNDigital discute literacia medi\u00e1tica num mundo p\u00f3s fact-checking no MediaCon 2025 - YouNDigital\" \/>\n<meta property=\"og:description\" content=\"Nos dias 10 e 11 de outubro de 2025, Lisboa acolheu a segunda edi\u00e7\u00e3o da MediaCon \u2013 \u00abEncontros com o Jornalismo\u00bb, sob o tema \u00abO jornalismo que queremos\u00bb. O evento ...\" \/>\n<meta property=\"og:url\" content=\"https:\/\/youndigital.com\/index.php\/2025\/10\/14\/media-con\/\" \/>\n<meta property=\"og:site_name\" content=\"YouNDigital\" \/>\n<meta property=\"article:published_time\" content=\"2025-10-14T14:45:50+00:00\" \/>\n<meta property=\"article:modified_time\" content=\"2025-10-14T14:48:46+00:00\" \/>\n<meta property=\"og:image\" content=\"https:\/\/youndigital.com\/wp-content\/uploads\/2025\/10\/WhatsApp-Image-2025-10-14-at-10.28.13.jpeg\" \/>\n\t<meta property=\"og:image:width\" content=\"1200\" \/>\n\t<meta property=\"og:image:height\" content=\"1600\" \/>\n\t<meta property=\"og:image:type\" content=\"image\/jpeg\" \/>\n<meta name=\"author\" content=\"Margarida Maneta\" \/>\n<meta name=\"twitter:card\" content=\"summary_large_image\" \/>\n<meta name=\"twitter:label1\" content=\"Written by\" \/>\n\t<meta name=\"twitter:data1\" content=\"Margarida Maneta\" \/>\n\t<meta name=\"twitter:label2\" content=\"Est. reading time\" \/>\n\t<meta name=\"twitter:data2\" content=\"2 minutes\" \/>\n<script type=\"application\/ld+json\" class=\"yoast-schema-graph\">{\"@context\":\"https:\/\/schema.org\",\"@graph\":[{\"@type\":\"Article\",\"@id\":\"https:\/\/youndigital.com\/index.php\/2025\/10\/14\/media-con\/#article\",\"isPartOf\":{\"@id\":\"https:\/\/youndigital.com\/index.php\/2025\/10\/14\/media-con\/\"},\"author\":{\"name\":\"Margarida Maneta\",\"@id\":\"https:\/\/youndigital.com\/#\/schema\/person\/217b919881aa5ffdc93a20953d8a5770\"},\"headline\":\"Investigadora YouNDigital discute literacia medi\u00e1tica num mundo p\u00f3s fact-checking no MediaCon 2025\",\"datePublished\":\"2025-10-14T14:45:50+00:00\",\"dateModified\":\"2025-10-14T14:48:46+00:00\",\"mainEntityOfPage\":{\"@id\":\"https:\/\/youndigital.com\/index.php\/2025\/10\/14\/media-con\/\"},\"wordCount\":227,\"publisher\":{\"@id\":\"https:\/\/youndigital.com\/#organization\"},\"image\":{\"@id\":\"https:\/\/youndigital.com\/index.php\/2025\/10\/14\/media-con\/#primaryimage\"},\"thumbnailUrl\":\"https:\/\/youndigital.com\/wp-content\/uploads\/2025\/10\/WhatsApp-Image-2025-10-14-at-10.28.13.jpeg\",\"articleSection\":[\"News\"],\"inLanguage\":\"en\"},{\"@type\":\"WebPage\",\"@id\":\"https:\/\/youndigital.com\/index.php\/2025\/10\/14\/media-con\/\",\"url\":\"https:\/\/youndigital.com\/index.php\/2025\/10\/14\/media-con\/\",\"name\":\"Investigadora YouNDigital discute literacia medi\u00e1tica num mundo p\u00f3s fact-checking no MediaCon 2025 - YouNDigital\",\"isPartOf\":{\"@id\":\"https:\/\/youndigital.com\/#website\"},\"primaryImageOfPage\":{\"@id\":\"https:\/\/youndigital.com\/index.php\/2025\/10\/14\/media-con\/#primaryimage\"},\"image\":{\"@id\":\"https:\/\/youndigital.com\/index.php\/2025\/10\/14\/media-con\/#primaryimage\"},\"thumbnailUrl\":\"https:\/\/youndigital.com\/wp-content\/uploads\/2025\/10\/WhatsApp-Image-2025-10-14-at-10.28.13.jpeg\",\"datePublished\":\"2025-10-14T14:45:50+00:00\",\"dateModified\":\"2025-10-14T14:48:46+00:00\",\"breadcrumb\":{\"@id\":\"https:\/\/youndigital.com\/index.php\/2025\/10\/14\/media-con\/#breadcrumb\"},\"inLanguage\":\"en\",\"potentialAction\":[{\"@type\":\"ReadAction\",\"target\":[\"https:\/\/youndigital.com\/index.php\/2025\/10\/14\/media-con\/\"]}]},{\"@type\":\"ImageObject\",\"inLanguage\":\"en\",\"@id\":\"https:\/\/youndigital.com\/index.php\/2025\/10\/14\/media-con\/#primaryimage\",\"url\":\"https:\/\/youndigital.com\/wp-content\/uploads\/2025\/10\/WhatsApp-Image-2025-10-14-at-10.28.13.jpeg\",\"contentUrl\":\"https:\/\/youndigital.com\/wp-content\/uploads\/2025\/10\/WhatsApp-Image-2025-10-14-at-10.28.13.jpeg\",\"width\":1200,\"height\":1600},{\"@type\":\"BreadcrumbList\",\"@id\":\"https:\/\/youndigital.com\/index.php\/2025\/10\/14\/media-con\/#breadcrumb\",\"itemListElement\":[{\"@type\":\"ListItem\",\"position\":1,\"name\":\"Home\",\"item\":\"https:\/\/youndigital.com\/\"},{\"@type\":\"ListItem\",\"position\":2,\"name\":\"Investigadora YouNDigital discute literacia medi\u00e1tica num mundo p\u00f3s fact-checking no MediaCon 2025\"}]},{\"@type\":\"WebSite\",\"@id\":\"https:\/\/youndigital.com\/#website\",\"url\":\"https:\/\/youndigital.com\/\",\"name\":\"YouNDigital\",\"description\":\"Youth, News and Digital Citizenship\",\"publisher\":{\"@id\":\"https:\/\/youndigital.com\/#organization\"},\"potentialAction\":[{\"@type\":\"SearchAction\",\"target\":{\"@type\":\"EntryPoint\",\"urlTemplate\":\"https:\/\/youndigital.com\/?s={search_term_string}\"},\"query-input\":{\"@type\":\"PropertyValueSpecification\",\"valueRequired\":true,\"valueName\":\"search_term_string\"}}],\"inLanguage\":\"en\"},{\"@type\":\"Organization\",\"@id\":\"https:\/\/youndigital.com\/#organization\",\"name\":\"YouNDigital\",\"url\":\"https:\/\/youndigital.com\/\",\"logo\":{\"@type\":\"ImageObject\",\"inLanguage\":\"en\",\"@id\":\"https:\/\/youndigital.com\/#\/schema\/logo\/image\/\",\"url\":\"https:\/\/youndigital.com\/wp-content\/uploads\/2022\/10\/cropped-BrancoVerde_72dpi.png\",\"contentUrl\":\"https:\/\/youndigital.com\/wp-content\/uploads\/2022\/10\/cropped-BrancoVerde_72dpi.png\",\"width\":500,\"height\":84,\"caption\":\"YouNDigital\"},\"image\":{\"@id\":\"https:\/\/youndigital.com\/#\/schema\/logo\/image\/\"}},{\"@type\":\"Person\",\"@id\":\"https:\/\/youndigital.com\/#\/schema\/person\/217b919881aa5ffdc93a20953d8a5770\",\"name\":\"Margarida Maneta\",\"image\":{\"@type\":\"ImageObject\",\"inLanguage\":\"en\",\"@id\":\"https:\/\/youndigital.com\/#\/schema\/person\/image\/\",\"url\":\"https:\/\/secure.gravatar.com\/avatar\/766f0beb34eac6173f6b09aeb257c1f2884da9b1c6b799ea9ed8d720701d56ef?s=96&d=mm&r=g\",\"contentUrl\":\"https:\/\/secure.gravatar.com\/avatar\/766f0beb34eac6173f6b09aeb257c1f2884da9b1c6b799ea9ed8d720701d56ef?s=96&d=mm&r=g\",\"caption\":\"Margarida Maneta\"},\"url\":\"https:\/\/youndigital.com\/index.php\/author\/margarida-maneta\/\"}]}<\/script>\n<!-- \/ Yoast SEO plugin. -->","yoast_head_json":{"title":"Investigadora YouNDigital discute literacia medi\u00e1tica num mundo p\u00f3s fact-checking no MediaCon 2025 - YouNDigital","robots":{"index":"index","follow":"follow","max-snippet":"max-snippet:-1","max-image-preview":"max-image-preview:large","max-video-preview":"max-video-preview:-1"},"canonical":"https:\/\/youndigital.com\/index.php\/2025\/10\/14\/media-con\/","og_locale":"en_US","og_type":"article","og_title":"Investigadora YouNDigital discute literacia medi\u00e1tica num mundo p\u00f3s fact-checking no MediaCon 2025 - YouNDigital","og_description":"Nos dias 10 e 11 de outubro de 2025, Lisboa acolheu a segunda edi\u00e7\u00e3o da MediaCon \u2013 \u00abEncontros com o Jornalismo\u00bb, sob o tema \u00abO jornalismo que queremos\u00bb. O evento ...","og_url":"https:\/\/youndigital.com\/index.php\/2025\/10\/14\/media-con\/","og_site_name":"YouNDigital","article_published_time":"2025-10-14T14:45:50+00:00","article_modified_time":"2025-10-14T14:48:46+00:00","og_image":[{"width":1200,"height":1600,"url":"https:\/\/youndigital.com\/wp-content\/uploads\/2025\/10\/WhatsApp-Image-2025-10-14-at-10.28.13.jpeg","type":"image\/jpeg"}],"author":"Margarida Maneta","twitter_card":"summary_large_image","twitter_misc":{"Written by":"Margarida Maneta","Est. reading time":"2 minutes"},"schema":{"@context":"https:\/\/schema.org","@graph":[{"@type":"Article","@id":"https:\/\/youndigital.com\/index.php\/2025\/10\/14\/media-con\/#article","isPartOf":{"@id":"https:\/\/youndigital.com\/index.php\/2025\/10\/14\/media-con\/"},"author":{"name":"Margarida Maneta","@id":"https:\/\/youndigital.com\/#\/schema\/person\/217b919881aa5ffdc93a20953d8a5770"},"headline":"Investigadora YouNDigital discute literacia medi\u00e1tica num mundo p\u00f3s fact-checking no MediaCon 2025","datePublished":"2025-10-14T14:45:50+00:00","dateModified":"2025-10-14T14:48:46+00:00","mainEntityOfPage":{"@id":"https:\/\/youndigital.com\/index.php\/2025\/10\/14\/media-con\/"},"wordCount":227,"publisher":{"@id":"https:\/\/youndigital.com\/#organization"},"image":{"@id":"https:\/\/youndigital.com\/index.php\/2025\/10\/14\/media-con\/#primaryimage"},"thumbnailUrl":"https:\/\/youndigital.com\/wp-content\/uploads\/2025\/10\/WhatsApp-Image-2025-10-14-at-10.28.13.jpeg","articleSection":["News"],"inLanguage":"en"},{"@type":"WebPage","@id":"https:\/\/youndigital.com\/index.php\/2025\/10\/14\/media-con\/","url":"https:\/\/youndigital.com\/index.php\/2025\/10\/14\/media-con\/","name":"Investigadora YouNDigital discute literacia medi\u00e1tica num mundo p\u00f3s fact-checking no MediaCon 2025 - YouNDigital","isPartOf":{"@id":"https:\/\/youndigital.com\/#website"},"primaryImageOfPage":{"@id":"https:\/\/youndigital.com\/index.php\/2025\/10\/14\/media-con\/#primaryimage"},"image":{"@id":"https:\/\/youndigital.com\/index.php\/2025\/10\/14\/media-con\/#primaryimage"},"thumbnailUrl":"https:\/\/youndigital.com\/wp-content\/uploads\/2025\/10\/WhatsApp-Image-2025-10-14-at-10.28.13.jpeg","datePublished":"2025-10-14T14:45:50+00:00","dateModified":"2025-10-14T14:48:46+00:00","breadcrumb":{"@id":"https:\/\/youndigital.com\/index.php\/2025\/10\/14\/media-con\/#breadcrumb"},"inLanguage":"en","potentialAction":[{"@type":"ReadAction","target":["https:\/\/youndigital.com\/index.php\/2025\/10\/14\/media-con\/"]}]},{"@type":"ImageObject","inLanguage":"en","@id":"https:\/\/youndigital.com\/index.php\/2025\/10\/14\/media-con\/#primaryimage","url":"https:\/\/youndigital.com\/wp-content\/uploads\/2025\/10\/WhatsApp-Image-2025-10-14-at-10.28.13.jpeg","contentUrl":"https:\/\/youndigital.com\/wp-content\/uploads\/2025\/10\/WhatsApp-Image-2025-10-14-at-10.28.13.jpeg","width":1200,"height":1600},{"@type":"BreadcrumbList","@id":"https:\/\/youndigital.com\/index.php\/2025\/10\/14\/media-con\/#breadcrumb","itemListElement":[{"@type":"ListItem","position":1,"name":"Home","item":"https:\/\/youndigital.com\/"},{"@type":"ListItem","position":2,"name":"Investigadora YouNDigital discute literacia medi\u00e1tica num mundo p\u00f3s fact-checking no MediaCon 2025"}]},{"@type":"WebSite","@id":"https:\/\/youndigital.com\/#website","url":"https:\/\/youndigital.com\/","name":"YouNDigital","description":"Youth, News and Digital Citizenship","publisher":{"@id":"https:\/\/youndigital.com\/#organization"},"potentialAction":[{"@type":"SearchAction","target":{"@type":"EntryPoint","urlTemplate":"https:\/\/youndigital.com\/?s={search_term_string}"},"query-input":{"@type":"PropertyValueSpecification","valueRequired":true,"valueName":"search_term_string"}}],"inLanguage":"en"},{"@type":"Organization","@id":"https:\/\/youndigital.com\/#organization","name":"YouNDigital","url":"https:\/\/youndigital.com\/","logo":{"@type":"ImageObject","inLanguage":"en","@id":"https:\/\/youndigital.com\/#\/schema\/logo\/image\/","url":"https:\/\/youndigital.com\/wp-content\/uploads\/2022\/10\/cropped-BrancoVerde_72dpi.png","contentUrl":"https:\/\/youndigital.com\/wp-content\/uploads\/2022\/10\/cropped-BrancoVerde_72dpi.png","width":500,"height":84,"caption":"YouNDigital"},"image":{"@id":"https:\/\/youndigital.com\/#\/schema\/logo\/image\/"}},{"@type":"Person","@id":"https:\/\/youndigital.com\/#\/schema\/person\/217b919881aa5ffdc93a20953d8a5770","name":"Margarida Maneta","image":{"@type":"ImageObject","inLanguage":"en","@id":"https:\/\/youndigital.com\/#\/schema\/person\/image\/","url":"https:\/\/secure.gravatar.com\/avatar\/766f0beb34eac6173f6b09aeb257c1f2884da9b1c6b799ea9ed8d720701d56ef?s=96&d=mm&r=g","contentUrl":"https:\/\/secure.gravatar.com\/avatar\/766f0beb34eac6173f6b09aeb257c1f2884da9b1c6b799ea9ed8d720701d56ef?s=96&d=mm&r=g","caption":"Margarida Maneta"},"url":"https:\/\/youndigital.com\/index.php\/author\/margarida-maneta\/"}]}},"jetpack_sharing_enabled":true,"jetpack_featured_media_url":"https:\/\/youndigital.com\/wp-content\/uploads\/2025\/10\/WhatsApp-Image-2025-10-14-at-10.28.13.jpeg","rttpg_featured_image_url":{"full":["https:\/\/youndigital.com\/wp-content\/uploads\/2025\/10\/WhatsApp-Image-2025-10-14-at-10.28.13.jpeg",1200,1600,false],"landscape":["https:\/\/youndigital.com\/wp-content\/uploads\/2025\/10\/WhatsApp-Image-2025-10-14-at-10.28.13.jpeg",1200,1600,false],"portraits":["https:\/\/youndigital.com\/wp-content\/uploads\/2025\/10\/WhatsApp-Image-2025-10-14-at-10.28.13.jpeg",1200,1600,false],"thumbnail":["https:\/\/youndigital.com\/wp-content\/uploads\/2025\/10\/WhatsApp-Image-2025-10-14-at-10.28.13-150x150.jpeg",150,150,true],"medium":["https:\/\/youndigital.com\/wp-content\/uploads\/2025\/10\/WhatsApp-Image-2025-10-14-at-10.28.13-225x300.jpeg",225,300,true],"large":["https:\/\/youndigital.com\/wp-content\/uploads\/2025\/10\/WhatsApp-Image-2025-10-14-at-10.28.13-768x1024.jpeg",768,1024,true],"1536x1536":["https:\/\/youndigital.com\/wp-content\/uploads\/2025\/10\/WhatsApp-Image-2025-10-14-at-10.28.13-1152x1536.jpeg",1152,1536,true],"2048x2048":["https:\/\/youndigital.com\/wp-content\/uploads\/2025\/10\/WhatsApp-Image-2025-10-14-at-10.28.13.jpeg",1200,1600,false],"onepress-blog-small":["https:\/\/youndigital.com\/wp-content\/uploads\/2025\/10\/WhatsApp-Image-2025-10-14-at-10.28.13-300x150.jpeg",300,150,true],"onepress-small":["https:\/\/youndigital.com\/wp-content\/uploads\/2025\/10\/WhatsApp-Image-2025-10-14-at-10.28.13-480x300.jpeg",480,300,true],"onepress-medium":["https:\/\/youndigital.com\/wp-content\/uploads\/2025\/10\/WhatsApp-Image-2025-10-14-at-10.28.13-640x400.jpeg",640,400,true]},"rttpg_author":{"display_name":"Margarida Maneta","author_link":"https:\/\/youndigital.com\/index.php\/author\/margarida-maneta\/"},"rttpg_comment":0,"rttpg_category":"<a href=\"https:\/\/youndigital.com\/index.php\/category\/news\/\" rel=\"category tag\">News<\/a>","rttpg_excerpt":"Nos dias 10 e 11 de outubro de 2025, Lisboa acolheu a segunda edi\u00e7\u00e3o da MediaCon \u2013 \u00abEncontros com o Jornalismo\u00bb, sob o tema \u00abO jornalismo que queremos\u00bb. O evento ...","_links":{"self":[{"href":"https:\/\/youndigital.com\/index.php\/wp-json\/wp\/v2\/posts\/4255","targetHints":{"allow":["GET"]}}],"collection":[{"href":"https:\/\/youndigital.com\/index.php\/wp-json\/wp\/v2\/posts"}],"about":[{"href":"https:\/\/youndigital.com\/index.php\/wp-json\/wp\/v2\/types\/post"}],"author":[{"embeddable":true,"href":"https:\/\/youndigital.com\/index.php\/wp-json\/wp\/v2\/users\/6"}],"replies":[{"embeddable":true,"href":"https:\/\/youndigital.com\/index.php\/wp-json\/wp\/v2\/comments?post=4255"}],"version-history":[{"count":4,"href":"https:\/\/youndigital.com\/index.php\/wp-json\/wp\/v2\/posts\/4255\/revisions"}],"predecessor-version":[{"id":4259,"href":"https:\/\/youndigital.com\/index.php\/wp-json\/wp\/v2\/posts\/4255\/revisions\/4259"}],"wp:featuredmedia":[{"embeddable":true,"href":"https:\/\/youndigital.com\/index.php\/wp-json\/wp\/v2\/media\/4260"}],"wp:attachment":[{"href":"https:\/\/youndigital.com\/index.php\/wp-json\/wp\/v2\/media?parent=4255"}],"wp:term":[{"taxonomy":"category","embeddable":true,"href":"https:\/\/youndigital.com\/index.php\/wp-json\/wp\/v2\/categories?post=4255"},{"taxonomy":"post_tag","embeddable":true,"href":"https:\/\/youndigital.com\/index.php\/wp-json\/wp\/v2\/tags?post=4255"}],"curies":[{"name":"wp","href":"https:\/\/api.w.org\/{rel}","templated":true}]}}