{"id":4262,"date":"2025-10-24T14:40:14","date_gmt":"2025-10-24T14:40:14","guid":{"rendered":"https:\/\/youndigital.com\/?p=4262"},"modified":"2025-11-04T09:51:13","modified_gmt":"2025-11-04T09:51:13","slug":"evento-youndigital-04122025","status":"publish","type":"post","link":"https:\/\/youndigital.com\/index.php\/2025\/10\/24\/evento-youndigital-04122025\/","title":{"rendered":"Pol\u00edticas P\u00fablicas, Jovens e Educa\u00e7\u00e3o para os Media"},"content":{"rendered":"\t\t<div data-elementor-type=\"wp-post\" data-elementor-id=\"4262\" class=\"elementor elementor-4262\" data-elementor-settings=\"{&quot;ha_cmc_init_switcher&quot;:&quot;no&quot;}\">\n\t\t\t\t\t\t<section class=\"elementor-section elementor-top-section elementor-element elementor-element-af16c6e elementor-section-boxed elementor-section-height-default elementor-section-height-default\" data-id=\"af16c6e\" data-element_type=\"section\" data-settings=\"{&quot;_ha_eqh_enable&quot;:false}\">\n\t\t\t\t\t\t<div class=\"elementor-container elementor-column-gap-default\">\n\t\t\t\t\t<div class=\"elementor-column elementor-col-33 elementor-top-column elementor-element elementor-element-6a897a2\" data-id=\"6a897a2\" data-element_type=\"column\">\n\t\t\t<div class=\"elementor-widget-wrap\">\n\t\t\t\t\t\t\t<\/div>\n\t\t<\/div>\n\t\t\t\t<div class=\"elementor-column elementor-col-33 elementor-top-column elementor-element elementor-element-b69c751\" data-id=\"b69c751\" data-element_type=\"column\">\n\t\t\t<div class=\"elementor-widget-wrap elementor-element-populated\">\n\t\t\t\t\t\t<div class=\"elementor-element elementor-element-7ab338ad elementor-widget__width-initial elementor-widget elementor-widget-text-editor\" data-id=\"7ab338ad\" data-element_type=\"widget\" data-widget_type=\"text-editor.default\">\n\t\t\t\t<div class=\"elementor-widget-container\">\n\t\t\t\t\t\t\t\t\t<p><span style=\"font-weight: 400;\">O evento &#8220;Pol\u00edticas P\u00fablicas, Jovens e Educa\u00e7\u00e3o para os Media&#8221;, a realizar-se no dia 4 de dezembro na Universidade Lus\u00f3fona \u2014 Centro Universit\u00e1rio de Lisboa, no \u00e2mbito do projeto YouNDigital \u2014 Jovens, Not\u00edcias e Cidadania Digital (<\/span><a href=\"https:\/\/doi.org\/10.54499\/PTDC\/COM-OUT\/0243\/2021\" target=\"_blank\" rel=\"noopener\"><span style=\"font-weight: 400;\"><span style=\"color: #000000; text-decoration: underline; text-decoration-color: #00ff00;\">DOI 10.54499\/PTDC\/COM-OUT\/0243\/2021<\/span><\/span><\/a><span style=\"font-weight: 400;\">)<\/span><span style=\"font-weight: 400;\"> tem como objetivo promover o debate sobre a educa\u00e7\u00e3o para os m\u00e9dia, o consumo de not\u00edcias e as respetivas implica\u00e7\u00f5es e caminhos poss\u00edveis nas pol\u00edticas p\u00fablicas, nomeadamente no que se refere \u00e0 juventude.<\/span><\/p><p>\u00a0<\/p><p><span style=\"font-weight: 400;\">Consulte o programa:<\/span><\/p><p><strong>9h30-10h00 &#8211; Abertura e visualiza\u00e7\u00e3o de v\u00eddeos YouNDigital<\/strong><\/p><p><span style=\"font-weight: 400;\">Maria Jos\u00e9 Brites, Teresa Sofia Castro e Margarida Maneta<\/span><\/p><p><span style=\"font-weight: 400;\">(Universidade Lus\u00f3fona, CICANT)<\/span><\/p><p>\u00a0<\/p><p><strong><i>10h00 &#8211; 11h15 &#8211; Mesa redonda: Educa\u00e7\u00e3o para os M\u00e9dia<\/i><\/strong><\/p><p><span style=\"font-weight: 400;\">Alexandre Le Voci Sayad (ZeitGeist)<\/span><\/p><p><span style=\"font-weight: 400;\">Carla Barros (DGE)<\/span><\/p><p><span style=\"font-weight: 400;\">Paulo Couraceiro (GILM)<\/span><\/p><p><span style=\"font-weight: 400;\">S\u00e9rgio Gomes da Silva (#PortugalMediaLab)<\/span><\/p><p><span style=\"font-weight: 400;\">Modera\u00e7\u00e3o: Paulo Resendes (LUSA)<\/span><\/p><p>\u00a0<\/p><p><strong><i>11h15-12h30 &#8211; Mesa redonda: Pol\u00edticas P\u00fablicas<\/i><\/strong><\/p><p><span style=\"font-weight: 400;\">Carla Martins (ERC)<\/span><\/p><p><span style=\"font-weight: 400;\">Jos\u00e9 Reis (AIMA)<\/span><\/p><p><span style=\"font-weight: 400;\">Rui Dinis (IPDJ)<\/span><\/p><p><span style=\"font-weight: 400;\">Sara Machado (Creative Europe)<\/span><\/p><p><span style=\"font-weight: 400;\">Modera\u00e7\u00e3o: Ana Sofia Freitas (RTP Not\u00edcias)<\/span><\/p><p>\u00a0<\/p><p><span style=\"font-weight: 400;\">A entrada \u00e9 gratuita. \u00c0 tarde, em privado, decorrer\u00e1 uma sess\u00e3o sobre Advocacy e impacto social com <a href=\"https:\/\/www.alexandresayad.com\/\" target=\"_blank\" rel=\"noopener\"><span style=\"color: #000000; text-decoration: underline; text-decoration-color: #00ff00;\">Alexandre Le Voci Sayad (ZeitGeist)<\/span><\/a>.\u00a0<\/span><\/p><p><span style=\"font-weight: 400;\">Local: Universidade Lus\u00f3fona<\/span><\/p><p><span style=\"font-weight: 400;\">Edif\u00edcio U \u2013 Audit\u00f3rio 0.8<\/span><\/p><p><span style=\"font-weight: 400;\">Campo Grande, 388<\/span><\/p><p><span style=\"font-weight: 400;\">1749-024 Lisboa<\/span><\/p><p><img fetchpriority=\"high\" decoding=\"async\" class=\"aligncenter wp-image-4275 size-full\" src=\"https:\/\/youndigital.com\/wp-content\/uploads\/2025\/10\/poster_4dez-1-1.jpg\" alt=\"\" width=\"1920\" height=\"1080\" \/><\/p>\t\t\t\t\t\t\t\t<\/div>\n\t\t\t\t<\/div>\n\t\t\t\t<div class=\"elementor-element elementor-element-a7c80b3 elementor-widget elementor-widget-spacer\" data-id=\"a7c80b3\" data-element_type=\"widget\" data-widget_type=\"spacer.default\">\n\t\t\t\t<div class=\"elementor-widget-container\">\n\t\t\t\t\t\t\t<div class=\"elementor-spacer\">\n\t\t\t<div class=\"elementor-spacer-inner\"><\/div>\n\t\t<\/div>\n\t\t\t\t\t\t<\/div>\n\t\t\t\t<\/div>\n\t\t\t\t\t<\/div>\n\t\t<\/div>\n\t\t\t\t<div class=\"elementor-column elementor-col-33 elementor-top-column elementor-element elementor-element-d914610\" data-id=\"d914610\" data-element_type=\"column\">\n\t\t\t<div class=\"elementor-widget-wrap elementor-element-populated\">\n\t\t\t\t\t\t<div class=\"elementor-element elementor-element-2413ec8 elementor-widget elementor-widget-ha-social-share happy-addon ha-social-share\" data-id=\"2413ec8\" data-element_type=\"widget\" data-widget_type=\"ha-social-share.default\">\n\t\t\t\t<div class=\"elementor-widget-container\">\n\t\t\t\t\t\t\t<ul class=\"ha-share-buttons\">\n\t\t\t\t\t\t\t<li class=\"ha-share-button elementor-repeater-item-a91f719\">\n\t\t\t\t\t<a class=\"sharer ha-share-network elementor-social-icon-facebook\" data-sharer=\"facebook\" data-url=\"https:\/\/youndigital.com\/index.php\/2025\/10\/24\/evento-youndigital-04122025\/\" data-hashtags=\"\" data-title=\"\" data-image=\"\" data-to=\"\" data-subject=\"\">\n\t\t\t\t\t\t\t\t\t\t\t\t\t<i class=\"fab fa-facebook\" aria-hidden=\"true\"><\/i>\n\t\t\t\t\t\t\t\t\t\t\t\t<\/a>\n\t\t\t\t<\/li>\n\t\t\t\t\t\t\t\t<li class=\"ha-share-button elementor-repeater-item-7f69c6d\">\n\t\t\t\t\t<a class=\"sharer ha-share-network elementor-social-icon-twitter\" data-sharer=\"twitter\" data-url=\"https:\/\/youndigital.com\/index.php\/2025\/10\/24\/evento-youndigital-04122025\/\" data-hashtags=\"\" data-title=\"\" data-image=\"\" data-to=\"\" data-subject=\"\">\n\t\t\t\t\t\t\t\t\t\t\t\t\t<i class=\"fab fa-twitter\" aria-hidden=\"true\"><\/i>\n\t\t\t\t\t\t\t\t\t\t\t\t<\/a>\n\t\t\t\t<\/li>\n\t\t\t\t\t\t\t\t<li class=\"ha-share-button elementor-repeater-item-16b286d\">\n\t\t\t\t\t<a class=\"sharer ha-share-network elementor-social-icon-linkedin\" data-sharer=\"linkedin\" data-url=\"https:\/\/youndigital.com\/index.php\/2025\/10\/24\/evento-youndigital-04122025\/\" data-hashtags=\"\" data-title=\"\" data-image=\"\" data-to=\"\" data-subject=\"\">\n\t\t\t\t\t\t\t\t\t\t\t\t\t<i class=\"fab fa-linkedin\" aria-hidden=\"true\"><\/i>\n\t\t\t\t\t\t\t\t\t\t\t\t<\/a>\n\t\t\t\t<\/li>\n\t\t\t\t\t\t\t\t<li class=\"ha-share-button elementor-repeater-item-048dc2c\">\n\t\t\t\t\t<a class=\"sharer ha-share-network elementor-social-icon-email\" data-sharer=\"email\" data-url=\"https:\/\/youndigital.com\/index.php\/2025\/10\/24\/evento-youndigital-04122025\/\" data-hashtags=\"\" data-title=\"\" data-image=\"\" data-to=\"\" data-subject=\"\">\n\t\t\t\t\t\t\t\t\t\t\t\t\t<i class=\"fa fa-envelope\" aria-hidden=\"true\"><\/i>\n\t\t\t\t\t\t\t\t\t\t\t\t<\/a>\n\t\t\t\t<\/li>\n\t\t\t\t\n\t\t<\/ul>\n\t\t\t\t\t\t<\/div>\n\t\t\t\t<\/div>\n\t\t\t\t\t<\/div>\n\t\t<\/div>\n\t\t\t\t\t<\/div>\n\t\t<\/section>\n\t\t\t\t<\/div>\n\t\t","protected":false},"excerpt":{"rendered":"<p>O evento &#8220;Pol\u00edticas P\u00fablicas, Jovens e Educa\u00e7\u00e3o para os Media&#8221;, a realizar-se no dia 4 de dezembro na Universidade Lus\u00f3fona \u2014 Centro Universit\u00e1rio de Lisboa, no \u00e2mbito do projeto YouNDigital &#8230;<\/p>\n","protected":false},"author":6,"featured_media":4274,"comment_status":"closed","ping_status":"closed","sticky":false,"template":"","format":"standard","meta":{"_monsterinsights_skip_tracking":false,"_monsterinsights_sitenote_active":false,"_monsterinsights_sitenote_note":"","_monsterinsights_sitenote_category":0,"_jetpack_memberships_contains_paid_content":false,"footnotes":""},"categories":[41],"tags":[],"class_list":["post-4262","post","type-post","status-publish","format-standard","has-post-thumbnail","hentry","category-news"],"yoast_head":"<!-- This site is optimized with the Yoast SEO plugin v24.3 - https:\/\/yoast.com\/wordpress\/plugins\/seo\/ -->\n<title>Pol\u00edticas P\u00fablicas, Jovens e Educa\u00e7\u00e3o para os Media - YouNDigital<\/title>\n<meta name=\"robots\" content=\"index, follow, max-snippet:-1, max-image-preview:large, max-video-preview:-1\" \/>\n<link rel=\"canonical\" href=\"https:\/\/youndigital.com\/index.php\/2025\/10\/24\/evento-youndigital-04122025\/\" \/>\n<meta property=\"og:locale\" content=\"en_US\" \/>\n<meta property=\"og:type\" content=\"article\" \/>\n<meta property=\"og:title\" content=\"Pol\u00edticas P\u00fablicas, Jovens e Educa\u00e7\u00e3o para os Media - YouNDigital\" \/>\n<meta property=\"og:description\" content=\"O evento &#8220;Pol\u00edticas P\u00fablicas, Jovens e Educa\u00e7\u00e3o para os Media&#8221;, a realizar-se no dia 4 de dezembro na Universidade Lus\u00f3fona \u2014 Centro Universit\u00e1rio de Lisboa, no \u00e2mbito do projeto YouNDigital ...\" \/>\n<meta property=\"og:url\" content=\"https:\/\/youndigital.com\/index.php\/2025\/10\/24\/evento-youndigital-04122025\/\" \/>\n<meta property=\"og:site_name\" content=\"YouNDigital\" \/>\n<meta property=\"article:published_time\" content=\"2025-10-24T14:40:14+00:00\" \/>\n<meta property=\"article:modified_time\" content=\"2025-11-04T09:51:13+00:00\" \/>\n<meta property=\"og:image\" content=\"https:\/\/youndigital.com\/wp-content\/uploads\/2025\/10\/poster_4dez-1.jpg\" \/>\n\t<meta property=\"og:image:width\" content=\"1920\" \/>\n\t<meta property=\"og:image:height\" content=\"1080\" \/>\n\t<meta property=\"og:image:type\" content=\"image\/jpeg\" \/>\n<meta name=\"author\" content=\"Margarida Maneta\" \/>\n<meta name=\"twitter:card\" content=\"summary_large_image\" \/>\n<meta name=\"twitter:label1\" content=\"Written by\" \/>\n\t<meta name=\"twitter:data1\" content=\"Margarida Maneta\" \/>\n\t<meta name=\"twitter:label2\" content=\"Est. reading time\" \/>\n\t<meta name=\"twitter:data2\" content=\"1 minute\" \/>\n<script type=\"application\/ld+json\" class=\"yoast-schema-graph\">{\"@context\":\"https:\/\/schema.org\",\"@graph\":[{\"@type\":\"Article\",\"@id\":\"https:\/\/youndigital.com\/index.php\/2025\/10\/24\/evento-youndigital-04122025\/#article\",\"isPartOf\":{\"@id\":\"https:\/\/youndigital.com\/index.php\/2025\/10\/24\/evento-youndigital-04122025\/\"},\"author\":{\"name\":\"Margarida Maneta\",\"@id\":\"https:\/\/youndigital.com\/#\/schema\/person\/217b919881aa5ffdc93a20953d8a5770\"},\"headline\":\"Pol\u00edticas P\u00fablicas, Jovens e Educa\u00e7\u00e3o para os Media\",\"datePublished\":\"2025-10-24T14:40:14+00:00\",\"dateModified\":\"2025-11-04T09:51:13+00:00\",\"mainEntityOfPage\":{\"@id\":\"https:\/\/youndigital.com\/index.php\/2025\/10\/24\/evento-youndigital-04122025\/\"},\"wordCount\":219,\"publisher\":{\"@id\":\"https:\/\/youndigital.com\/#organization\"},\"image\":{\"@id\":\"https:\/\/youndigital.com\/index.php\/2025\/10\/24\/evento-youndigital-04122025\/#primaryimage\"},\"thumbnailUrl\":\"https:\/\/youndigital.com\/wp-content\/uploads\/2025\/10\/poster_4dez-1.jpg\",\"articleSection\":[\"News\"],\"inLanguage\":\"en\"},{\"@type\":\"WebPage\",\"@id\":\"https:\/\/youndigital.com\/index.php\/2025\/10\/24\/evento-youndigital-04122025\/\",\"url\":\"https:\/\/youndigital.com\/index.php\/2025\/10\/24\/evento-youndigital-04122025\/\",\"name\":\"Pol\u00edticas P\u00fablicas, Jovens e Educa\u00e7\u00e3o para os Media - YouNDigital\",\"isPartOf\":{\"@id\":\"https:\/\/youndigital.com\/#website\"},\"primaryImageOfPage\":{\"@id\":\"https:\/\/youndigital.com\/index.php\/2025\/10\/24\/evento-youndigital-04122025\/#primaryimage\"},\"image\":{\"@id\":\"https:\/\/youndigital.com\/index.php\/2025\/10\/24\/evento-youndigital-04122025\/#primaryimage\"},\"thumbnailUrl\":\"https:\/\/youndigital.com\/wp-content\/uploads\/2025\/10\/poster_4dez-1.jpg\",\"datePublished\":\"2025-10-24T14:40:14+00:00\",\"dateModified\":\"2025-11-04T09:51:13+00:00\",\"breadcrumb\":{\"@id\":\"https:\/\/youndigital.com\/index.php\/2025\/10\/24\/evento-youndigital-04122025\/#breadcrumb\"},\"inLanguage\":\"en\",\"potentialAction\":[{\"@type\":\"ReadAction\",\"target\":[\"https:\/\/youndigital.com\/index.php\/2025\/10\/24\/evento-youndigital-04122025\/\"]}]},{\"@type\":\"ImageObject\",\"inLanguage\":\"en\",\"@id\":\"https:\/\/youndigital.com\/index.php\/2025\/10\/24\/evento-youndigital-04122025\/#primaryimage\",\"url\":\"https:\/\/youndigital.com\/wp-content\/uploads\/2025\/10\/poster_4dez-1.jpg\",\"contentUrl\":\"https:\/\/youndigital.com\/wp-content\/uploads\/2025\/10\/poster_4dez-1.jpg\",\"width\":1920,\"height\":1080},{\"@type\":\"BreadcrumbList\",\"@id\":\"https:\/\/youndigital.com\/index.php\/2025\/10\/24\/evento-youndigital-04122025\/#breadcrumb\",\"itemListElement\":[{\"@type\":\"ListItem\",\"position\":1,\"name\":\"Home\",\"item\":\"https:\/\/youndigital.com\/\"},{\"@type\":\"ListItem\",\"position\":2,\"name\":\"Pol\u00edticas P\u00fablicas, Jovens e Educa\u00e7\u00e3o para os Media\"}]},{\"@type\":\"WebSite\",\"@id\":\"https:\/\/youndigital.com\/#website\",\"url\":\"https:\/\/youndigital.com\/\",\"name\":\"YouNDigital\",\"description\":\"Youth, News and Digital Citizenship\",\"publisher\":{\"@id\":\"https:\/\/youndigital.com\/#organization\"},\"potentialAction\":[{\"@type\":\"SearchAction\",\"target\":{\"@type\":\"EntryPoint\",\"urlTemplate\":\"https:\/\/youndigital.com\/?s={search_term_string}\"},\"query-input\":{\"@type\":\"PropertyValueSpecification\",\"valueRequired\":true,\"valueName\":\"search_term_string\"}}],\"inLanguage\":\"en\"},{\"@type\":\"Organization\",\"@id\":\"https:\/\/youndigital.com\/#organization\",\"name\":\"YouNDigital\",\"url\":\"https:\/\/youndigital.com\/\",\"logo\":{\"@type\":\"ImageObject\",\"inLanguage\":\"en\",\"@id\":\"https:\/\/youndigital.com\/#\/schema\/logo\/image\/\",\"url\":\"https:\/\/youndigital.com\/wp-content\/uploads\/2022\/10\/cropped-BrancoVerde_72dpi.png\",\"contentUrl\":\"https:\/\/youndigital.com\/wp-content\/uploads\/2022\/10\/cropped-BrancoVerde_72dpi.png\",\"width\":500,\"height\":84,\"caption\":\"YouNDigital\"},\"image\":{\"@id\":\"https:\/\/youndigital.com\/#\/schema\/logo\/image\/\"}},{\"@type\":\"Person\",\"@id\":\"https:\/\/youndigital.com\/#\/schema\/person\/217b919881aa5ffdc93a20953d8a5770\",\"name\":\"Margarida Maneta\",\"image\":{\"@type\":\"ImageObject\",\"inLanguage\":\"en\",\"@id\":\"https:\/\/youndigital.com\/#\/schema\/person\/image\/\",\"url\":\"https:\/\/secure.gravatar.com\/avatar\/766f0beb34eac6173f6b09aeb257c1f2884da9b1c6b799ea9ed8d720701d56ef?s=96&d=mm&r=g\",\"contentUrl\":\"https:\/\/secure.gravatar.com\/avatar\/766f0beb34eac6173f6b09aeb257c1f2884da9b1c6b799ea9ed8d720701d56ef?s=96&d=mm&r=g\",\"caption\":\"Margarida Maneta\"},\"url\":\"https:\/\/youndigital.com\/index.php\/author\/margarida-maneta\/\"}]}<\/script>\n<!-- \/ Yoast SEO plugin. -->","yoast_head_json":{"title":"Pol\u00edticas P\u00fablicas, Jovens e Educa\u00e7\u00e3o para os Media - YouNDigital","robots":{"index":"index","follow":"follow","max-snippet":"max-snippet:-1","max-image-preview":"max-image-preview:large","max-video-preview":"max-video-preview:-1"},"canonical":"https:\/\/youndigital.com\/index.php\/2025\/10\/24\/evento-youndigital-04122025\/","og_locale":"en_US","og_type":"article","og_title":"Pol\u00edticas P\u00fablicas, Jovens e Educa\u00e7\u00e3o para os Media - YouNDigital","og_description":"O evento &#8220;Pol\u00edticas P\u00fablicas, Jovens e Educa\u00e7\u00e3o para os Media&#8221;, a realizar-se no dia 4 de dezembro na Universidade Lus\u00f3fona \u2014 Centro Universit\u00e1rio de Lisboa, no \u00e2mbito do projeto YouNDigital ...","og_url":"https:\/\/youndigital.com\/index.php\/2025\/10\/24\/evento-youndigital-04122025\/","og_site_name":"YouNDigital","article_published_time":"2025-10-24T14:40:14+00:00","article_modified_time":"2025-11-04T09:51:13+00:00","og_image":[{"width":1920,"height":1080,"url":"https:\/\/youndigital.com\/wp-content\/uploads\/2025\/10\/poster_4dez-1.jpg","type":"image\/jpeg"}],"author":"Margarida Maneta","twitter_card":"summary_large_image","twitter_misc":{"Written by":"Margarida Maneta","Est. reading time":"1 minute"},"schema":{"@context":"https:\/\/schema.org","@graph":[{"@type":"Article","@id":"https:\/\/youndigital.com\/index.php\/2025\/10\/24\/evento-youndigital-04122025\/#article","isPartOf":{"@id":"https:\/\/youndigital.com\/index.php\/2025\/10\/24\/evento-youndigital-04122025\/"},"author":{"name":"Margarida Maneta","@id":"https:\/\/youndigital.com\/#\/schema\/person\/217b919881aa5ffdc93a20953d8a5770"},"headline":"Pol\u00edticas P\u00fablicas, Jovens e Educa\u00e7\u00e3o para os Media","datePublished":"2025-10-24T14:40:14+00:00","dateModified":"2025-11-04T09:51:13+00:00","mainEntityOfPage":{"@id":"https:\/\/youndigital.com\/index.php\/2025\/10\/24\/evento-youndigital-04122025\/"},"wordCount":219,"publisher":{"@id":"https:\/\/youndigital.com\/#organization"},"image":{"@id":"https:\/\/youndigital.com\/index.php\/2025\/10\/24\/evento-youndigital-04122025\/#primaryimage"},"thumbnailUrl":"https:\/\/youndigital.com\/wp-content\/uploads\/2025\/10\/poster_4dez-1.jpg","articleSection":["News"],"inLanguage":"en"},{"@type":"WebPage","@id":"https:\/\/youndigital.com\/index.php\/2025\/10\/24\/evento-youndigital-04122025\/","url":"https:\/\/youndigital.com\/index.php\/2025\/10\/24\/evento-youndigital-04122025\/","name":"Pol\u00edticas P\u00fablicas, Jovens e Educa\u00e7\u00e3o para os Media - YouNDigital","isPartOf":{"@id":"https:\/\/youndigital.com\/#website"},"primaryImageOfPage":{"@id":"https:\/\/youndigital.com\/index.php\/2025\/10\/24\/evento-youndigital-04122025\/#primaryimage"},"image":{"@id":"https:\/\/youndigital.com\/index.php\/2025\/10\/24\/evento-youndigital-04122025\/#primaryimage"},"thumbnailUrl":"https:\/\/youndigital.com\/wp-content\/uploads\/2025\/10\/poster_4dez-1.jpg","datePublished":"2025-10-24T14:40:14+00:00","dateModified":"2025-11-04T09:51:13+00:00","breadcrumb":{"@id":"https:\/\/youndigital.com\/index.php\/2025\/10\/24\/evento-youndigital-04122025\/#breadcrumb"},"inLanguage":"en","potentialAction":[{"@type":"ReadAction","target":["https:\/\/youndigital.com\/index.php\/2025\/10\/24\/evento-youndigital-04122025\/"]}]},{"@type":"ImageObject","inLanguage":"en","@id":"https:\/\/youndigital.com\/index.php\/2025\/10\/24\/evento-youndigital-04122025\/#primaryimage","url":"https:\/\/youndigital.com\/wp-content\/uploads\/2025\/10\/poster_4dez-1.jpg","contentUrl":"https:\/\/youndigital.com\/wp-content\/uploads\/2025\/10\/poster_4dez-1.jpg","width":1920,"height":1080},{"@type":"BreadcrumbList","@id":"https:\/\/youndigital.com\/index.php\/2025\/10\/24\/evento-youndigital-04122025\/#breadcrumb","itemListElement":[{"@type":"ListItem","position":1,"name":"Home","item":"https:\/\/youndigital.com\/"},{"@type":"ListItem","position":2,"name":"Pol\u00edticas P\u00fablicas, Jovens e Educa\u00e7\u00e3o para os Media"}]},{"@type":"WebSite","@id":"https:\/\/youndigital.com\/#website","url":"https:\/\/youndigital.com\/","name":"YouNDigital","description":"Youth, News and Digital Citizenship","publisher":{"@id":"https:\/\/youndigital.com\/#organization"},"potentialAction":[{"@type":"SearchAction","target":{"@type":"EntryPoint","urlTemplate":"https:\/\/youndigital.com\/?s={search_term_string}"},"query-input":{"@type":"PropertyValueSpecification","valueRequired":true,"valueName":"search_term_string"}}],"inLanguage":"en"},{"@type":"Organization","@id":"https:\/\/youndigital.com\/#organization","name":"YouNDigital","url":"https:\/\/youndigital.com\/","logo":{"@type":"ImageObject","inLanguage":"en","@id":"https:\/\/youndigital.com\/#\/schema\/logo\/image\/","url":"https:\/\/youndigital.com\/wp-content\/uploads\/2022\/10\/cropped-BrancoVerde_72dpi.png","contentUrl":"https:\/\/youndigital.com\/wp-content\/uploads\/2022\/10\/cropped-BrancoVerde_72dpi.png","width":500,"height":84,"caption":"YouNDigital"},"image":{"@id":"https:\/\/youndigital.com\/#\/schema\/logo\/image\/"}},{"@type":"Person","@id":"https:\/\/youndigital.com\/#\/schema\/person\/217b919881aa5ffdc93a20953d8a5770","name":"Margarida Maneta","image":{"@type":"ImageObject","inLanguage":"en","@id":"https:\/\/youndigital.com\/#\/schema\/person\/image\/","url":"https:\/\/secure.gravatar.com\/avatar\/766f0beb34eac6173f6b09aeb257c1f2884da9b1c6b799ea9ed8d720701d56ef?s=96&d=mm&r=g","contentUrl":"https:\/\/secure.gravatar.com\/avatar\/766f0beb34eac6173f6b09aeb257c1f2884da9b1c6b799ea9ed8d720701d56ef?s=96&d=mm&r=g","caption":"Margarida Maneta"},"url":"https:\/\/youndigital.com\/index.php\/author\/margarida-maneta\/"}]}},"jetpack_sharing_enabled":true,"jetpack_featured_media_url":"https:\/\/youndigital.com\/wp-content\/uploads\/2025\/10\/poster_4dez-1.jpg","rttpg_featured_image_url":{"full":["https:\/\/youndigital.com\/wp-content\/uploads\/2025\/10\/poster_4dez-1.jpg",1920,1080,false],"landscape":["https:\/\/youndigital.com\/wp-content\/uploads\/2025\/10\/poster_4dez-1.jpg",1920,1080,false],"portraits":["https:\/\/youndigital.com\/wp-content\/uploads\/2025\/10\/poster_4dez-1.jpg",1920,1080,false],"thumbnail":["https:\/\/youndigital.com\/wp-content\/uploads\/2025\/10\/poster_4dez-1-150x150.jpg",150,150,true],"medium":["https:\/\/youndigital.com\/wp-content\/uploads\/2025\/10\/poster_4dez-1-300x169.jpg",300,169,true],"large":["https:\/\/youndigital.com\/wp-content\/uploads\/2025\/10\/poster_4dez-1-1024x576.jpg",800,450,true],"1536x1536":["https:\/\/youndigital.com\/wp-content\/uploads\/2025\/10\/poster_4dez-1-1536x864.jpg",1536,864,true],"2048x2048":["https:\/\/youndigital.com\/wp-content\/uploads\/2025\/10\/poster_4dez-1.jpg",1920,1080,false],"onepress-blog-small":["https:\/\/youndigital.com\/wp-content\/uploads\/2025\/10\/poster_4dez-1-300x150.jpg",300,150,true],"onepress-small":["https:\/\/youndigital.com\/wp-content\/uploads\/2025\/10\/poster_4dez-1-480x300.jpg",480,300,true],"onepress-medium":["https:\/\/youndigital.com\/wp-content\/uploads\/2025\/10\/poster_4dez-1-640x400.jpg",640,400,true]},"rttpg_author":{"display_name":"Margarida Maneta","author_link":"https:\/\/youndigital.com\/index.php\/author\/margarida-maneta\/"},"rttpg_comment":0,"rttpg_category":"<a href=\"https:\/\/youndigital.com\/index.php\/category\/news\/\" rel=\"category tag\">News<\/a>","rttpg_excerpt":"O evento &#8220;Pol\u00edticas P\u00fablicas, Jovens e Educa\u00e7\u00e3o para os Media&#8221;, a realizar-se no dia 4 de dezembro na Universidade Lus\u00f3fona \u2014 Centro Universit\u00e1rio de Lisboa, no \u00e2mbito do projeto YouNDigital ...","_links":{"self":[{"href":"https:\/\/youndigital.com\/index.php\/wp-json\/wp\/v2\/posts\/4262","targetHints":{"allow":["GET"]}}],"collection":[{"href":"https:\/\/youndigital.com\/index.php\/wp-json\/wp\/v2\/posts"}],"about":[{"href":"https:\/\/youndigital.com\/index.php\/wp-json\/wp\/v2\/types\/post"}],"author":[{"embeddable":true,"href":"https:\/\/youndigital.com\/index.php\/wp-json\/wp\/v2\/users\/6"}],"replies":[{"embeddable":true,"href":"https:\/\/youndigital.com\/index.php\/wp-json\/wp\/v2\/comments?post=4262"}],"version-history":[{"count":25,"href":"https:\/\/youndigital.com\/index.php\/wp-json\/wp\/v2\/posts\/4262\/revisions"}],"predecessor-version":[{"id":4292,"href":"https:\/\/youndigital.com\/index.php\/wp-json\/wp\/v2\/posts\/4262\/revisions\/4292"}],"wp:featuredmedia":[{"embeddable":true,"href":"https:\/\/youndigital.com\/index.php\/wp-json\/wp\/v2\/media\/4274"}],"wp:attachment":[{"href":"https:\/\/youndigital.com\/index.php\/wp-json\/wp\/v2\/media?parent=4262"}],"wp:term":[{"taxonomy":"category","embeddable":true,"href":"https:\/\/youndigital.com\/index.php\/wp-json\/wp\/v2\/categories?post=4262"},{"taxonomy":"post_tag","embeddable":true,"href":"https:\/\/youndigital.com\/index.php\/wp-json\/wp\/v2\/tags?post=4262"}],"curies":[{"name":"wp","href":"https:\/\/api.w.org\/{rel}","templated":true}]}}